{"id":3201,"date":"2026-03-28T18:47:59","date_gmt":"2026-03-28T15:47:59","guid":{"rendered":"https:\/\/avukatimtv.com\/?p=3201"},"modified":"2026-03-28T18:47:59","modified_gmt":"2026-03-28T15:47:59","slug":"bayram-donusu-motosikleti-ile-kaza-yapan-uzman-cavus-dualarla-son-yolculuguna-ugurlandi","status":"publish","type":"post","link":"https:\/\/avukatimtv.com\/index.php\/2026\/03\/28\/bayram-donusu-motosikleti-ile-kaza-yapan-uzman-cavus-dualarla-son-yolculuguna-ugurlandi\/","title":{"rendered":"Bayram d\u00f6n\u00fc\u015f\u00fc motosikleti ile kaza yapan Uzman \u00c7avu\u015f dualarla son yolculu\u011funa u\u011furland\u0131"},"content":{"rendered":"<p>Ramazan Bayram\u0131 iznini ge\u00e7irmek \u00fczere Bart\u0131n\u2019a gelen ve bayram d\u00f6n\u00fc\u015f\u00fc motosikleti ile trafik kazas\u0131 ge\u00e7iren 27 ya\u015f\u0131ndaki Jandarma Uzman \u00c7avu\u015f Umut Can Hepta\u015f, memleketi Bart\u0131n\u2019da g\u00f6z ya\u015f\u0131 ve dualarla son yolculu\u011funa u\u011furland\u0131<\/p>\n<p>&nbsp;<\/p>\n<p>Edinilen bilgiye g\u00f6re A\u011fr\u0131\u2019n\u0131n Do\u011fubeyaz\u0131t il\u00e7esi G\u00fcrbulak S\u0131n\u0131r Kap\u0131s\u0131nda g\u00f6rev yapan Jandarma Uzm. \u00c7v\u015f. Umut Can Hepta\u015f, Ramazan bayram\u0131n\u0131 ailesiyle ge\u00e7irmek i\u00e7in Bart\u0131n\u2019a geldi. Kumluca beldesinde ya\u015fayan ailesi ile bayramla\u015fan Hepta\u015f daha sonra yeniden g\u00f6revine d\u00f6nmek \u00fczere yola \u00e7\u0131kt\u0131. Erzurum\u2019a otob\u00fcsle ula\u015fan Hepta\u015f, buradan motosikletiyle g\u00f6rev yapt\u0131\u011f\u0131 A\u011fr\u0131\u2019n\u0131n Do\u011fubeyaz\u0131t il\u00e7esine do\u011fru Hareket etti. A\u011fr\u0131\u2019n\u0131n Ele\u015fkirt il\u00e7esinde otomobile \u00e7arpan Umut Can Hepta\u015f, a\u011f\u0131r bir \u015fekilde yaralanm\u0131\u015f, ilk m\u00fcdahalesinin ard\u0131ndan kald\u0131r\u0131ld\u0131\u011f\u0131 A\u011fr\u0131 E\u011fitim ve Ara\u015ft\u0131rma Hastanesi yo\u011fun bak\u0131m \u00fcnitesinde 4 g\u00fcn s\u00fcren ya\u015fam m\u00fccadelesini kaybetmi\u015fti<\/p>\n<p>&nbsp;<\/p>\n<p>Hepta\u015f\u2019\u0131n cenazesini memleketi Bart\u0131n\u2019\u0131n Ulus il\u00e7esine ba\u011fl\u0131 Kumluca beldesine getirilerek, bu kez ay y\u0131ld\u0131zl\u0131 bayra\u011fa sar\u0131l\u0131 tabutta baba oca\u011f\u0131na getirilerek helallik al\u0131nd\u0131.<\/p>\n<p>&nbsp;<\/p>\n<p>Okunan Kur\u2019an-\u0131 Kerim ve edilen dualar\u0131n ard\u0131ndan Kumluca Merkez Camiinde \u00f6\u011fle namaz\u0131n\u0131 m\u00fcteakip cenaze namaz\u0131 k\u0131l\u0131nd\u0131. Bart\u0131n Valisi Dr. Nurta\u00e7 Arslan\u2019\u0131n ailesine ve yak\u0131nlar\u0131na taziyede bulunurken, Kumluca merkez Camii\u2019nde d\u00fczenlenen cenaze t\u00f6renine ise Garnizon Komutan\u0131 Dz. Kd. Alb. Serhat S\u0131r, AK Parti Bart\u0131n Milletvekili Yusuf Ziya Aldatmaz, Bart\u0131n Belediye Ba\u015fkan\u0131 R\u0131za Yal\u00e7\u0131nkaya ile birlikte protokol \u00fcyeleri, siyasi parti temsilcileri, sivil toplum kurulu\u015flar\u0131n\u0131n temsilcileri, yak\u0131nlar\u0131, sevenleri ve vatanda\u015flar kat\u0131ld\u0131<\/p>\n<p>&nbsp;<\/p>\n<p>Cenaze namaz\u0131n\u0131n sonras\u0131nda Uzm. \u00c7v\u015f. Umut Can Hepta\u015f\u2019\u0131n T\u00fcrk bayra\u011f\u0131na sar\u0131l\u0131 tabutu askeri manga taraf\u0131ndan omuzlara al\u0131narak ta\u015f\u0131nd\u0131. Hepta\u015f\u2019u\u0131n cenazesi g\u00f6z ya\u015f\u0131 ve dualar e\u015fli\u011finde aile mezarl\u0131\u011f\u0131na defnedildi<\/p>\n<p>&nbsp;<\/p>\n<p><img decoding=\"async\" src=\"https:\/\/cdn.iha.com.tr\/Contents\/images\/2026\/03\/28\/20260328aw671258-6.jpg\" alt=\"Bayram d\u00f6n\u00fc\u015f\u00fc motosikleti ile kaza yapan Uzman \u00c7avu\u015f dualarla son yolculu\u011funa u\u011furland\u0131\n\" \/><\/p>\n","protected":false},"excerpt":{"rendered":"<p>Ramazan Bayram\u0131 iznini ge\u00e7irmek \u00fczere Bart\u0131n\u2019a gelen ve bayram d\u00f6n\u00fc\u015f\u00fc motosikleti ile trafik kazas\u0131 ge\u00e7iren 27 ya\u015f\u0131ndaki Jandarma Uzman \u00c7avu\u015f Umut Can Hepta\u015f, memleketi Bart\u0131n\u2019da g\u00f6z ya\u015f\u0131 ve dualarla son yolculu\u011funa u\u011furland\u0131 &nbsp; Edinilen bilgiye g\u00f6re A\u011fr\u0131\u2019n\u0131n Do\u011fubeyaz\u0131t il\u00e7esi G\u00fcrbulak S\u0131n\u0131r Kap\u0131s\u0131nda g\u00f6rev yapan Jandarma Uzm. \u00c7v\u015f. Umut Can Hepta\u015f, Ramazan bayram\u0131n\u0131 ailesiyle ge\u00e7irmek i\u00e7in [&hellip;]<\/p>\n","protected":false},"author":1,"featured_media":3202,"comment_status":"closed","ping_status":"closed","sticky":false,"template":"","format":"standard","meta":{"footnotes":""},"categories":[7,39],"tags":[],"class_list":["post-3201","post","type-post","status-publish","format-standard","has-post-thumbnail","hentry","category-gundem","category-haber"],"_links":{"self":[{"href":"https:\/\/avukatimtv.com\/index.php\/wp-json\/wp\/v2\/posts\/3201","targetHints":{"allow":["GET"]}}],"collection":[{"href":"https:\/\/avukatimtv.com\/index.php\/wp-json\/wp\/v2\/posts"}],"about":[{"href":"https:\/\/avukatimtv.com\/index.php\/wp-json\/wp\/v2\/types\/post"}],"author":[{"embeddable":true,"href":"https:\/\/avukatimtv.com\/index.php\/wp-json\/wp\/v2\/users\/1"}],"replies":[{"embeddable":true,"href":"https:\/\/avukatimtv.com\/index.php\/wp-json\/wp\/v2\/comments?post=3201"}],"version-history":[{"count":2,"href":"https:\/\/avukatimtv.com\/index.php\/wp-json\/wp\/v2\/posts\/3201\/revisions"}],"predecessor-version":[{"id":3204,"href":"https:\/\/avukatimtv.com\/index.php\/wp-json\/wp\/v2\/posts\/3201\/revisions\/3204"}],"wp:featuredmedia":[{"embeddable":true,"href":"https:\/\/avukatimtv.com\/index.php\/wp-json\/wp\/v2\/media\/3202"}],"wp:attachment":[{"href":"https:\/\/avukatimtv.com\/index.php\/wp-json\/wp\/v2\/media?parent=3201"}],"wp:term":[{"taxonomy":"category","embeddable":true,"href":"https:\/\/avukatimtv.com\/index.php\/wp-json\/wp\/v2\/categories?post=3201"},{"taxonomy":"post_tag","embeddable":true,"href":"https:\/\/avukatimtv.com\/index.php\/wp-json\/wp\/v2\/tags?post=3201"}],"curies":[{"name":"wp","href":"https:\/\/api.w.org\/{rel}","templated":true}]}}