{"id":3208,"date":"2026-04-04T14:19:50","date_gmt":"2026-04-04T11:19:50","guid":{"rendered":"https:\/\/avukatimtv.com\/?p=3208"},"modified":"2026-04-04T14:19:50","modified_gmt":"2026-04-04T11:19:50","slug":"edirnedeki-cifte-cinayet-davasinda-fail-sucunu-kabul-etti","status":"publish","type":"post","link":"https:\/\/avukatimtv.com\/index.php\/2026\/04\/04\/edirnedeki-cifte-cinayet-davasinda-fail-sucunu-kabul-etti\/","title":{"rendered":"Edirne&#8217;deki \u00e7ifte cinayet davas\u0131nda, fail su\u00e7unu kabul etti"},"content":{"rendered":"<h2 class=\"mb-24\">Edirne\u2019de e\u015fi ve 9 ya\u015f\u0131ndaki o\u011flunu bo\u011farak \u00f6ld\u00fcrd\u00fc\u011f\u00fc iddias\u0131yla yarg\u0131lanan \u00d6mer G\u00f6khan Alac\u0131\u2019n\u0131n davas\u0131nda ikinci duru\u015fma g\u00f6r\u00fcld\u00fc. \u0130lk kez h\u00e2kim kar\u015f\u0131s\u0131nda savunma yapan san\u0131k, su\u00e7lamalar\u0131 kabul etti\u011fini belirtirken, &#8220;Savunulacak bir \u015fey yapmad\u0131m&#8221; s\u00f6zleri dikkat \u00e7ekti. Mahkeme, savc\u0131l\u0131k m\u00fctalaas\u0131n\u0131n haz\u0131rlanmas\u0131 i\u00e7in duru\u015fmay\u0131 ileri bir tarihe erteledi.<\/h2>\n<div class=\"new3key-points px-md-16 mx-md-16\">\n<p>Edirne\u2019de e\u015fi ve 9 ya\u015f\u0131ndaki o\u011flunu \u00f6ld\u00fcrd\u00fc\u011f\u00fc iddias\u0131yla yarg\u0131lanan \u00d6mer G\u00f6khan Alac\u0131\u2019n\u0131n davas\u0131nda ikinci duru\u015fma g\u00f6r\u00fcld\u00fc. San\u0131k, mahkemede verdi\u011fi ifadede su\u00e7lamalar\u0131 kabul etti.<\/p>\n<p><img decoding=\"async\" src=\"https:\/\/foto.haberler.com\/haber\/2026\/04\/04\/edirnedeki-cifte-cinayet-davas-19713679-6128_1_m.jpg\" \/><\/p>\n<h3>BO\u011eARAK \u00d6LD\u00dcRD\u00dc<\/h3>\n<p>4 A\u011fustos 2025\u2019te Cumhuriyet Mahallesi\u2019nde meydana gelen olayda, \u00d6mer G\u00f6khan Alac\u0131\u2019n\u0131n, e\u015fi Didem \u00d6rs Alac\u0131 ve o\u011flu Doruk Kaan Alac\u0131\u2019y\u0131 bo\u011farak \u00f6ld\u00fcrd\u00fc\u011f\u00fc, ard\u0131ndan da intihara te\u015febb\u00fcs etti\u011fi \u00f6ne s\u00fcr\u00fcld\u00fc. Olay, aile yak\u0131nlar\u0131n\u0131n ula\u015famamas\u0131 \u00fczerine eve gelen ekiplerin m\u00fcdahalesiyle ortaya \u00e7\u0131kt\u0131.<\/p>\n<h3>\u0130DD\u0130ANAMEDE D\u0130KKAT \u00c7EKEN DETAYLAR<\/h3>\n<p><strong>Ed<\/strong><strong>i<\/strong><strong>rne<\/strong>\u00a0Cumhuriyet Ba\u015fsavc\u0131l\u0131\u011f\u0131 taraf\u0131ndan haz\u0131rlanan iddianamede, \u00d6mer G\u00f6khan Alac\u0131 hakk\u0131nda &#8216;Canavarca hisle kasten \u00f6ld\u00fcrme&#8217; su\u00e7undan 2 kez a\u011f\u0131rla\u015ft\u0131r\u0131lm\u0131\u015f m\u00fcebbet hapis istendi. \u0130ddianamede olay yerinde, \u00fczerinde kan lekeleri bulunan 1 fal\u00e7ata ve 1 sap k\u0131sm\u0131 siyah renkli b\u0131\u00e7ak ve bunlar\u0131n yan\u0131nda zemine kanla yaz\u0131lan &#8216;Beni affedin&#8217; \u015feklinde yaz\u0131 bulundu\u011funa yer verildi. \u00d6te yandan \u00d6mer G\u00f6khan Alac\u0131&#8217;n\u0131n yasa d\u0131\u015f\u0131 kumar sitesinde o\u011flunun Doruk Kaan&#8217;\u0131n ad\u0131yla &#8216;Kaan6722&#8217; rumuzlu hesap a\u00e7t\u0131\u011f\u0131 da ifade edildi.<\/p>\n<p><img decoding=\"async\" src=\"https:\/\/foto.haberler.com\/haber\/2026\/04\/04\/edirnedeki-cifte-cinayet-davas-19713679-5054_2_m.jpg\" \/><\/p>\n<h3>\u0130K\u0130NC\u0130 DURU\u015eMA YAPILDI<\/h3>\n<p>San\u0131k Alac\u0131&#8217;n\u0131n yarg\u0131lanmas\u0131na bug\u00fcn Edirne 2&#8217;nci A\u011f\u0131r Ceza Mahkemesi&#8217;nde devam edildi. \u0130kinci duru\u015fmaya san\u0131k \u00d6mer G\u00f6khan Alac\u0131, tutuklu bulundu\u011fu cezaevinden Ses ve G\u00f6r\u00fcnt\u00fc Bili\u015fim Sistemleri (SEGB\u0130S) arac\u0131l\u0131\u011f\u0131yla kat\u0131ld\u0131. Duru\u015fmaya ayr\u0131ca Didem \u00d6rs Alac\u0131&#8217;n\u0131n annesi Meliha ve babas\u0131 Ahmet \u00d6rs ile taraf avukatlar\u0131 kat\u0131ld\u0131.<\/p>\n<h3>SU\u00c7LAMALARI KABUL ETT\u0130<\/h3>\n<p>\u0130lk duru\u015fmaya, sa\u011fl\u0131k problemleri nedeniyle hastanede oldu\u011fu i\u00e7in kat\u0131lamayan san\u0131k Alac\u0131&#8217;n\u0131n ifadesi ikinci duru\u015fmada al\u0131nd\u0131. Hakimin s\u00f6z verip, savunmas\u0131n\u0131 sordu\u011fu Alac\u0131, &#8220;Savunulacak bir \u015fey yapmad\u0131m, su\u00e7lamalar\u0131 kabul ediyorum. S\u00f6z konusu olay\u0131 psikolojik durumumdan dolay\u0131 yapt\u0131m. Arkamda yetim bir \u00e7ocuk b\u0131rakmak istemedim&#8221; dedi.<\/p>\n<h3>\u0130NTERNET ARAMALARI SORULDU<\/h3>\n<p>Duru\u015fmada hakim Alac\u0131&#8217;ya, telefondan elde edilen verilerde, olay \u00f6ncesi internetten; &#8216;Naftalin insan\u0131 bay\u0131lt\u0131r m\u0131?&#8217; \u015feklinde aratma yapt\u0131\u011f\u0131n\u0131, bunun nedenini sordu. Alac\u0131, kendi can\u0131na k\u0131ymak i\u00e7in bu aratmay\u0131 yapt\u0131\u011f\u0131n\u0131, olay\u0131 tasarlamad\u0131\u011f\u0131n\u0131 iddia etti.<\/p>\n<p>Mahkeme heyeti, savc\u0131l\u0131\u011f\u0131n m\u00fctalaas\u0131n\u0131 haz\u0131rlamas\u0131 i\u00e7in duru\u015fmay\u0131 8 May\u0131s tarihine erteledi.<\/p>\n<\/div>\n","protected":false},"excerpt":{"rendered":"<p>Edirne\u2019de e\u015fi ve 9 ya\u015f\u0131ndaki o\u011flunu bo\u011farak \u00f6ld\u00fcrd\u00fc\u011f\u00fc iddias\u0131yla yarg\u0131lanan \u00d6mer G\u00f6khan Alac\u0131\u2019n\u0131n davas\u0131nda ikinci duru\u015fma g\u00f6r\u00fcld\u00fc. \u0130lk kez h\u00e2kim kar\u015f\u0131s\u0131nda savunma yapan san\u0131k, su\u00e7lamalar\u0131 kabul etti\u011fini belirtirken, &#8220;Savunulacak bir \u015fey yapmad\u0131m&#8221; s\u00f6zleri dikkat \u00e7ekti. Mahkeme, savc\u0131l\u0131k m\u00fctalaas\u0131n\u0131n haz\u0131rlanmas\u0131 i\u00e7in duru\u015fmay\u0131 ileri bir tarihe erteledi. Edirne\u2019de e\u015fi ve 9 ya\u015f\u0131ndaki o\u011flunu \u00f6ld\u00fcrd\u00fc\u011f\u00fc iddias\u0131yla yarg\u0131lanan \u00d6mer [&hellip;]<\/p>\n","protected":false},"author":1,"featured_media":3209,"comment_status":"closed","ping_status":"closed","sticky":false,"template":"","format":"standard","meta":{"footnotes":""},"categories":[7,39],"tags":[583],"class_list":["post-3208","post","type-post","status-publish","format-standard","has-post-thumbnail","hentry","category-gundem","category-haber","tag-cifte-cinayetcifte-cinayet"],"_links":{"self":[{"href":"https:\/\/avukatimtv.com\/index.php\/wp-json\/wp\/v2\/posts\/3208","targetHints":{"allow":["GET"]}}],"collection":[{"href":"https:\/\/avukatimtv.com\/index.php\/wp-json\/wp\/v2\/posts"}],"about":[{"href":"https:\/\/avukatimtv.com\/index.php\/wp-json\/wp\/v2\/types\/post"}],"author":[{"embeddable":true,"href":"https:\/\/avukatimtv.com\/index.php\/wp-json\/wp\/v2\/users\/1"}],"replies":[{"embeddable":true,"href":"https:\/\/avukatimtv.com\/index.php\/wp-json\/wp\/v2\/comments?post=3208"}],"version-history":[{"count":1,"href":"https:\/\/avukatimtv.com\/index.php\/wp-json\/wp\/v2\/posts\/3208\/revisions"}],"predecessor-version":[{"id":3210,"href":"https:\/\/avukatimtv.com\/index.php\/wp-json\/wp\/v2\/posts\/3208\/revisions\/3210"}],"wp:featuredmedia":[{"embeddable":true,"href":"https:\/\/avukatimtv.com\/index.php\/wp-json\/wp\/v2\/media\/3209"}],"wp:attachment":[{"href":"https:\/\/avukatimtv.com\/index.php\/wp-json\/wp\/v2\/media?parent=3208"}],"wp:term":[{"taxonomy":"category","embeddable":true,"href":"https:\/\/avukatimtv.com\/index.php\/wp-json\/wp\/v2\/categories?post=3208"},{"taxonomy":"post_tag","embeddable":true,"href":"https:\/\/avukatimtv.com\/index.php\/wp-json\/wp\/v2\/tags?post=3208"}],"curies":[{"name":"wp","href":"https:\/\/api.w.org\/{rel}","templated":true}]}}