{"id":3215,"date":"2026-04-08T16:13:09","date_gmt":"2026-04-08T13:13:09","guid":{"rendered":"https:\/\/avukatimtv.com\/?p=3215"},"modified":"2026-04-08T16:13:09","modified_gmt":"2026-04-08T13:13:09","slug":"turkiye-bu-olayi-konusuyor","status":"publish","type":"post","link":"https:\/\/avukatimtv.com\/index.php\/2026\/04\/08\/turkiye-bu-olayi-konusuyor\/","title":{"rendered":"T\u00fcrkiye bu olay\u0131 konu\u015fuyor!"},"content":{"rendered":"<div class=\"news-content__inf\">\n<h2>Bursa&#8217;da emekli polis memuru e\u015fi Ali Fuat Uzuno\u011flu&#8217;nu (77) \u00f6ld\u00fcrd\u00fckten sonra cesedini sat\u0131r ve b\u0131\u00e7akla 15 par\u00e7aya ay\u0131rarak \u00e7\u00f6p kutular\u0131na atan Adalet Uzuno\u011flu&#8217;na (69) tutuklanmadan bir g\u00fcn \u00f6nce ke\u015fif yapt\u0131r\u0131ld\u0131\u011f\u0131 ortaya \u00e7\u0131kt\u0131. Ceset par\u00e7alar\u0131n\u0131 \u00e7\u00f6p kutular\u0131na nas\u0131l att\u0131\u011f\u0131n\u0131 anlatan Uzuno\u011flu&#8217;nun o g\u00f6r\u00fcnt\u00fclerine, DHA muhabiri ula\u015ft\u0131.<\/h2>\n<\/div>\n<div class=\"news-content readingTime\">\n<p>Olay, 28 Ocak\u2019ta Osmangazi il\u00e7esi Selamet Mahallesi \u0130zzet Sokak&#8217;taki 3 katl\u0131 binan\u0131n 3\u2019\u00fcnc\u00fc kat\u0131ndaki dairede meydana geldi. Ali Fuat Uzuno\u011flu, iddiaya g\u00f6re; e\u015fi Adalet Uzuno\u011flu taraf\u0131ndan \u00f6ld\u00fcr\u00fcld\u00fc. Adalet Adalet Uzuno\u011flu, sat\u0131r ve b\u0131\u00e7akla 15 par\u00e7aya ay\u0131rd\u0131\u011f\u0131 cesedi po\u015fetlere koyup, evinin bulundu\u011fu sokak ile \u00e7evredeki \u00e7\u00f6p kutular\u0131na att\u0131.<\/p>\n<p><img decoding=\"async\" src=\"https:\/\/image.hurimg.com\/i\/hurriyet\/90\/770x0\/69d62965171b20e71bc74ed6.jpg\" alt=\"T\u00fcrkiye bu olay\u0131 konu\u015fuyor | Kocam kay\u0131p ihbar\u0131ndan vah\u015fet \u00e7\u0131km\u0131\u015ft\u0131: Ke\u015fif yerinde \u00e7\u00f6p kutular\u0131n\u0131 tek tek g\u00f6sterdi\" \/><\/p>\n<p><img decoding=\"async\" src=\"https:\/\/image.hurimg.com\/i\/hurriyet\/90\/770x0\/69d62b0a171b20e71bc74f06.jpg\" alt=\"T\u00fcrkiye bu olay\u0131 konu\u015fuyor | Kocam kay\u0131p ihbar\u0131ndan vah\u015fet \u00e7\u0131km\u0131\u015ft\u0131: Ke\u015fif yerinde \u00e7\u00f6p kutular\u0131n\u0131 tek tek g\u00f6sterdi\" \/><\/p>\n<p>Uzuno\u011flu&#8217;nu arama \u00e7al\u0131\u015fmas\u0131 ba\u015flatan ekipler, incelemede bulunmak ve Adalet Uzuno\u011flu\u2019ndan bilgi almak i\u00e7in eve gittiklerinde, Ali Fuat Uzuno\u011flu&#8217;nun cep telefonu, c\u00fczdan\u0131 ve kimli\u011fini buldu. Ekipler, evin \u00e7e\u015fitli yerlerinde de kan izine rastlad\u0131.<\/p>\n<p>&nbsp;<\/p>\n<div class=\"news-fullwith-img\">\n<p><img decoding=\"async\" src=\"https:\/\/image.hurimg.com\/i\/hurriyet\/90\/770x0\/69d62965171b20e71bc74edc.jpg\" alt=\"T\u00fcrkiye bu olay\u0131 konu\u015fuyor | Kocam kay\u0131p ihbar\u0131ndan vah\u015fet \u00e7\u0131km\u0131\u015ft\u0131: Ke\u015fif yerinde \u00e7\u00f6p kutular\u0131n\u0131 tek tek g\u00f6sterdi\" \/><\/p>\n<p><strong>KAN \u0130ZLER\u0130 VE DOKU PAR\u00c7ALARI BULUNDU<\/strong><\/p>\n<p>Adalet Uzuno\u011flu polis memurlar\u0131n\u0131n sorular\u0131na \u00e7eli\u015fkili yan\u0131tlar da verince Bursa Cumhuriyet Ba\u015fsavc\u0131l\u0131\u011f\u0131\u2019nca soru\u015fturma ba\u015flat\u0131larak, \u0130l Emniyet M\u00fcd\u00fcrl\u00fc\u011f\u00fc Asayi\u015f \u015eube M\u00fcd\u00fcrl\u00fc\u011f\u00fc Cinayet B\u00fcro Amirli\u011fi ekipleri g\u00f6revlendirildi. Adrese Olay Yeri \u0130nceleme ekipleri sevk edildi. \u00c7ifte ait olan ve ilk 2 kat\u0131n\u0131n bo\u015f oldu\u011fu \u00f6\u011frenilen 3 katl\u0131 binan\u0131n en \u00fcst kat\u0131nda inceleme yap\u0131ld\u0131. Pis ve bak\u0131ms\u0131z oldu\u011fu g\u00f6r\u00fclen dairenin giri\u015finde, elektrik prizinde, lavaboda ve evde bulunan sat\u0131r ile b\u0131\u00e7akta kan izi tespit edildi. Biyolojik incelemede, evin \u00e7e\u015fitli yerlerinde doku par\u00e7alar\u0131 da bulundu.<\/p>\n<p><img decoding=\"async\" src=\"https:\/\/image.hurimg.com\/i\/hurriyet\/90\/770x0\/69d62965171b20e71bc74ede.jpg\" alt=\"T\u00fcrkiye bu olay\u0131 konu\u015fuyor | Kocam kay\u0131p ihbar\u0131ndan vah\u015fet \u00e7\u0131km\u0131\u015ft\u0131: Ke\u015fif yerinde \u00e7\u00f6p kutular\u0131n\u0131 tek tek g\u00f6sterdi\" \/><\/p>\n<p><strong>KAYIP E\u015eE A\u0130T B\u0130YOLOJ\u0130K BULGULARA ULA\u015eILDI<\/strong><\/p>\n<p>Biyolojik numuneler ile sat\u0131r ve b\u0131\u00e7ak inceleme yap\u0131lmak \u00fczere\u00a0Bursa\u00a0B\u00f6lge Kriminal Polis Laboratuvar\u0131 M\u00fcd\u00fcrl\u00fc\u011f\u00fc\u2019ne g\u00f6nderilirken, Adalet Uzuno\u011flu da teknik ve fiziki takibe al\u0131nd\u0131. Kriminal incelemede; kan ve doku \u00f6rneklerinin hakk\u0131nda kay\u0131p ba\u015fvurusunda bulunulan Ali Fuat Uzuno\u011flu&#8217;na, sat\u0131r ve b\u0131\u00e7aktaki parmak izlerinin de Adalet Uzuno\u011flu&#8217;na ait oldu\u011fu belirlendi.<\/p>\n<p><img decoding=\"async\" src=\"https:\/\/image.hurimg.com\/i\/hurriyet\/90\/770x0\/69d62963171b20e71bc74ecd.jpg\" alt=\"T\u00fcrkiye bu olay\u0131 konu\u015fuyor | Kocam kay\u0131p ihbar\u0131ndan vah\u015fet \u00e7\u0131km\u0131\u015ft\u0131: Ke\u015fif yerinde \u00e7\u00f6p kutular\u0131n\u0131 tek tek g\u00f6sterdi\" \/><\/p>\n<p><strong>KORKTU\u011eU \u0130\u00c7\u0130N CESED\u0130 15 PAR\u00c7AYA AYIRMI\u015e<\/strong><\/p>\n<p>Kriminal raporun \u00e7\u0131kmas\u0131n\u0131n ard\u0131ndan 3 Nisan&#8217;da Adalet Uzuno\u011flu ile o\u011fullar\u0131 F.U. (48) ve M.U. (50) ile karde\u015fi M.\u00d6. (65) \u0130l Emniyet M\u00fcd\u00fcrl\u00fc\u011f\u00fc Asayi\u015f \u015eube M\u00fcd\u00fcrl\u00fc\u011f\u00fc\u00a0Cinayet\u00a0B\u00fcro Amirli\u011fi ekiplerince g\u00f6zalt\u0131na al\u0131nd\u0131. Emniyetteki sorgusunda; e\u015fini kendisinin \u00f6ld\u00fcrmedi\u011fini iddia eden ancak cesedi par\u00e7alad\u0131\u011f\u0131n\u0131 kabul eden Uzuno\u011flu, &#8220;Olay sabah\u0131 ben uyand\u0131\u011f\u0131mda merdivenlerin \u00f6n\u00fcnde hareketsiz yat\u0131yordu. Merdivenlerden d\u00fc\u015f\u00fcp \u00f6lm\u00fc\u015f. \u0130terek \u00f6ld\u00fcrd\u00fc\u011f\u00fcm\u00fc d\u00fc\u015f\u00fcn\u00fcrler ve benim \u00fczerime kal\u0131r diye korktum. E\u015fimi, sat\u0131r ve b\u0131\u00e7akla 15 par\u00e7aya ay\u0131rarak evimin yak\u0131n\u0131nda bulunan de\u011fi\u015fik \u00e7\u00f6p kutular\u0131na att\u0131m&#8221; dedi.<\/p>\n<\/div>\n<p><strong>2 O\u011eLU \u0130LE KARDE\u015e\u0130 ADL\u0130 KONTROLLE SERBEST<\/strong><\/p>\n<p>Adalet Uzuno\u011flu, 5 Nisan\u2019da sevk edildi\u011fi adliyede \u00e7\u0131kar\u0131ld\u0131\u011f\u0131 mahkemece &#8216;Kasten \u00f6ld\u00fcrme&#8217; su\u00e7undan tutuklan\u0131rken, soru\u015fturma kapsam\u0131nda g\u00f6zalt\u0131na al\u0131nan 2 o\u011flu ile karde\u015fi adli kontrol \u015fart\u0131yla serbest b\u0131rak\u0131ld\u0131.<\/p>\n<p>&nbsp;<\/p>\n<\/div>\n<div class=\"news-fullwith-img\">\n<p><strong>EN SON CAM\u0130DEN \u00c7IKARKEN G\u00d6R\u00dcLD\u00dc<\/strong><\/p>\n<p>\u00d6te yandan Ali Fuat Uzuno\u011flu&#8217;nun, \u00f6ld\u00fcr\u00fclmeden \u00f6nceki son g\u00f6r\u00fcnt\u00fcs\u00fc g\u00fcvenlik kameras\u0131na yans\u0131d\u0131. Uzuno\u011flu, olay\u0131n ger\u00e7ekle\u015fti\u011fi 28 Ocak&#8217;ta saat 00.18\u2019de camideki mevlitten, elindeki meyve suyu ile \u00e7\u0131karken g\u00f6r\u00fcld\u00fc.<\/p>\n<p><strong>CESET PAR\u00c7ALARINI NEREYE ATTI\u011eINI G\u00d6STERD\u0130<\/strong><\/p>\n<p>Evin bulundu\u011fu sokaktaki ve \u00e7evredeki \u00e7\u00f6p kutular\u0131nda Olay Yeri \u0130nceleme ekiplerince yap\u0131lan incelemede ceset par\u00e7alar\u0131 bulunamad\u0131.<\/p>\n<p>Adalet Uzuno\u011flu&#8217;na tutuklanmadan bir g\u00fcn \u00f6nce 4 Nisan&#8217;da saat 15.00 s\u0131ralar\u0131nda olay yerinde ke\u015fif yapt\u0131r\u0131ld\u0131\u011f\u0131 ortaya \u00e7\u0131kt\u0131. Soru\u015fturmay\u0131 y\u00fcr\u00fcten savc\u0131 ve polisler e\u015fli\u011finde evinin bulundu\u011fu soka\u011fa getirilen Uzuno\u011flu&#8217;nun, ceset par\u00e7alar\u0131n\u0131 hangi \u00e7\u00f6p kutular\u0131na nas\u0131l att\u0131\u011f\u0131n\u0131 anlatt\u0131\u011f\u0131 ke\u015fif g\u00f6r\u00fcnt\u00fclerine DHA muhabiri ula\u015ft\u0131. 3 \u00e7ocuk annesi kad\u0131n beraberindeki savc\u0131 ve polislerle birlikte yer g\u00f6sterme yap\u0131p olay\u0131 anlat\u0131rken o anlar, \u00e7evredeki bir evin g\u00fcvenlik kameras\u0131na yans\u0131d\u0131.<\/p>\n<p>&nbsp;<\/p>\n<\/div>\n<div class=\"news-fullwith-img\"><\/div>\n<div class=\"news-content readingTime\">\n<div class=\"news-fullwith-img\">\n<p>&nbsp;<\/p>\n<p>&nbsp;<\/p>\n<\/div>\n<div class=\"news-fullwith-img\"><\/div>\n<\/div>\n","protected":false},"excerpt":{"rendered":"<p>Bursa&#8217;da emekli polis memuru e\u015fi Ali Fuat Uzuno\u011flu&#8217;nu (77) \u00f6ld\u00fcrd\u00fckten sonra cesedini sat\u0131r ve b\u0131\u00e7akla 15 par\u00e7aya ay\u0131rarak \u00e7\u00f6p kutular\u0131na atan Adalet Uzuno\u011flu&#8217;na (69) tutuklanmadan bir g\u00fcn \u00f6nce ke\u015fif yapt\u0131r\u0131ld\u0131\u011f\u0131 ortaya \u00e7\u0131kt\u0131. Ceset par\u00e7alar\u0131n\u0131 \u00e7\u00f6p kutular\u0131na nas\u0131l att\u0131\u011f\u0131n\u0131 anlatan Uzuno\u011flu&#8217;nun o g\u00f6r\u00fcnt\u00fclerine, DHA muhabiri ula\u015ft\u0131. Olay, 28 Ocak\u2019ta Osmangazi il\u00e7esi Selamet Mahallesi \u0130zzet Sokak&#8217;taki 3 [&hellip;]<\/p>\n","protected":false},"author":1,"featured_media":3216,"comment_status":"closed","ping_status":"closed","sticky":false,"template":"","format":"standard","meta":{"footnotes":""},"categories":[7,39],"tags":[],"class_list":["post-3215","post","type-post","status-publish","format-standard","has-post-thumbnail","hentry","category-gundem","category-haber"],"_links":{"self":[{"href":"https:\/\/avukatimtv.com\/index.php\/wp-json\/wp\/v2\/posts\/3215","targetHints":{"allow":["GET"]}}],"collection":[{"href":"https:\/\/avukatimtv.com\/index.php\/wp-json\/wp\/v2\/posts"}],"about":[{"href":"https:\/\/avukatimtv.com\/index.php\/wp-json\/wp\/v2\/types\/post"}],"author":[{"embeddable":true,"href":"https:\/\/avukatimtv.com\/index.php\/wp-json\/wp\/v2\/users\/1"}],"replies":[{"embeddable":true,"href":"https:\/\/avukatimtv.com\/index.php\/wp-json\/wp\/v2\/comments?post=3215"}],"version-history":[{"count":1,"href":"https:\/\/avukatimtv.com\/index.php\/wp-json\/wp\/v2\/posts\/3215\/revisions"}],"predecessor-version":[{"id":3217,"href":"https:\/\/avukatimtv.com\/index.php\/wp-json\/wp\/v2\/posts\/3215\/revisions\/3217"}],"wp:featuredmedia":[{"embeddable":true,"href":"https:\/\/avukatimtv.com\/index.php\/wp-json\/wp\/v2\/media\/3216"}],"wp:attachment":[{"href":"https:\/\/avukatimtv.com\/index.php\/wp-json\/wp\/v2\/media?parent=3215"}],"wp:term":[{"taxonomy":"category","embeddable":true,"href":"https:\/\/avukatimtv.com\/index.php\/wp-json\/wp\/v2\/categories?post=3215"},{"taxonomy":"post_tag","embeddable":true,"href":"https:\/\/avukatimtv.com\/index.php\/wp-json\/wp\/v2\/tags?post=3215"}],"curies":[{"name":"wp","href":"https:\/\/api.w.org\/{rel}","templated":true}]}}