{"id":3218,"date":"2026-04-08T16:27:02","date_gmt":"2026-04-08T13:27:02","guid":{"rendered":"https:\/\/avukatimtv.com\/?p=3218"},"modified":"2026-04-08T16:27:02","modified_gmt":"2026-04-08T13:27:02","slug":"yeni-dogan-bebek-fotografindan-sonra-ortalik-karisti-hastaneyi-bastilar","status":"publish","type":"post","link":"https:\/\/avukatimtv.com\/index.php\/2026\/04\/08\/yeni-dogan-bebek-fotografindan-sonra-ortalik-karisti-hastaneyi-bastilar\/","title":{"rendered":"Yeni do\u011fan bebek foto\u011fraf\u0131ndan sonra ortal\u0131k kar\u0131\u015ft\u0131: Hastaneyi bast\u0131lar"},"content":{"rendered":"<div class=\"news-content__inf\">\n<h2>K\u0131r\u0131kkale&#8217;de sosyal medyadaki yeni do\u011fan bebek payla\u015f\u0131m\u0131 \u00fczerine ablalar\u0131 ile onun erkek arkada\u015f\u0131n\u0131 b\u0131\u00e7akla yaralayan 3 karde\u015f, emniyetteki i\u015flemlerinin ard\u0131ndan \u00e7\u0131kar\u0131ld\u0131klar\u0131 mahkemece tutukland\u0131. Karde\u015flerin aslen Bitlisli oldu\u011fu \u00f6\u011frenildi..<\/h2>\n<\/div>\n<div class=\"news-content readingTime\">\n<p>Olay, 2 Nisan tarihinde K\u0131r\u0131kkale Y\u00fcksek \u0130htisas Hastanesi Kad\u0131n Do\u011fum Servisi&#8217;nde meydana geldi. Edinilen bilgiye g\u00f6re, yakla\u015f\u0131k bir y\u0131l \u00f6nce sosyal medya \u00fczerinden tan\u0131\u015fan F.G. (31) ile erkek arkada\u015f\u0131 \u00d6.O. (30) bir s\u00fcre sonra birlikte ya\u015famaya ba\u015flad\u0131. \u0130ddiaya g\u00f6re bu ili\u015fki nedeniyle kad\u0131n ile karde\u015fleri aras\u0131nda husumet olu\u015ftu. Kad\u0131n\u0131n d\u00fcnyaya getirdi\u011fi bebe\u011fin babas\u0131n\u0131n da erkek arkada\u015f\u0131 oldu\u011fu \u00f6\u011frenildi.<\/p>\n<p><img decoding=\"async\" src=\"https:\/\/image.hurimg.com\/i\/hurriyet\/90\/770x0\/69cf97e93b4c953f1007ac9b.jpg\" alt=\"Yeni do\u011fan bebek foto\u011fraf\u0131ndan sonra ortal\u0131k kar\u0131\u015ft\u0131: Hastaneyi bast\u0131lar\" \/><\/p>\n<p><strong>FOTO\u011eRAFI G\u00d6R\u00dcNCE KAYSER\u0130&#8217;DEN GELD\u0130LER<\/strong><\/p>\n<p>Husumet, \u00d6.O.&#8217;nun yeni do\u011fan bebekle \u00e7ekilen foto\u011fraf\u0131 sosyal medya hesab\u0131nda payla\u015fmas\u0131n\u0131n ard\u0131ndan yeniden alevlendi. Payla\u015f\u0131m\u0131 g\u00f6ren kad\u0131n\u0131n karde\u015fleri P.G. (29), \u0130.G. (26) ve E.G. (35), Kayseri&#8217;den\u00a0K\u0131r\u0131kkale&#8217;ye geldi. E.G.&#8217;nin ara\u00e7ta bekledi\u011fi, hastaneye giren P.G. ile \u0130.G.&#8217;nin ise F.G. ile \u00d6.O.&#8217;yu b\u0131\u00e7akla yaralad\u0131\u011f\u0131 ileri s\u00fcr\u00fcld\u00fc. Hastane polisi, 2 \u015f\u00fcpheliyi yakalayarak g\u00f6zalt\u0131na ald\u0131. Olay\u0131n ard\u0131ndan ka\u00e7an E.G. ise polis ekiplerince K\u0131r\u015fehir&#8217;de yakaland\u0131. \u015e\u00fcphelinin bulundu\u011fu ara\u00e7ta yap\u0131lan aramada 1 adet kurus\u0131k\u0131 tabanca ele ge\u00e7irildi.<\/p>\n<p><img decoding=\"async\" src=\"https:\/\/image.hurimg.com\/i\/hurriyet\/90\/770x0\/69cf97ea3b4c953f1007aca1.jpg\" alt=\"Yeni do\u011fan bebek foto\u011fraf\u0131ndan sonra ortal\u0131k kar\u0131\u015ft\u0131: Hastaneyi bast\u0131lar\" \/><\/p>\n<p>Asayi\u015f \u015eube M\u00fcd\u00fcrl\u00fc\u011f\u00fc Cinayet B\u00fcro Amirli\u011fi ekiplerince g\u00f6zalt\u0131na al\u0131nan 3 karde\u015f, emniyetteki i\u015flemlerinin ard\u0131ndan \u00e7\u0131kar\u0131ld\u0131klar\u0131 mahkemece tutukland\u0131. Karde\u015flerin aslen Bitlisli oldu\u011fu \u00f6\u011frenildi..<\/p>\n<p>&nbsp;<\/p>\n<\/div>\n<div class=\"news-fullwith-img\"><img decoding=\"async\" src=\"https:\/\/image.hurimg.com\/i\/hurriyet\/90\/770x0\/69cf97e93b4c953f1007ac9d.jpg\" alt=\"Yeni do\u011fan bebek foto\u011fraf\u0131ndan sonra ortal\u0131k kar\u0131\u015ft\u0131: Hastaneyi bast\u0131lar\" \/><\/div>\n<div class=\"news-content readingTime\">\n<p>&nbsp;<\/p>\n<\/div>\n","protected":false},"excerpt":{"rendered":"<p>K\u0131r\u0131kkale&#8217;de sosyal medyadaki yeni do\u011fan bebek payla\u015f\u0131m\u0131 \u00fczerine ablalar\u0131 ile onun erkek arkada\u015f\u0131n\u0131 b\u0131\u00e7akla yaralayan 3 karde\u015f, emniyetteki i\u015flemlerinin ard\u0131ndan \u00e7\u0131kar\u0131ld\u0131klar\u0131 mahkemece tutukland\u0131. Karde\u015flerin aslen Bitlisli oldu\u011fu \u00f6\u011frenildi.. Olay, 2 Nisan tarihinde K\u0131r\u0131kkale Y\u00fcksek \u0130htisas Hastanesi Kad\u0131n Do\u011fum Servisi&#8217;nde meydana geldi. Edinilen bilgiye g\u00f6re, yakla\u015f\u0131k bir y\u0131l \u00f6nce sosyal medya \u00fczerinden tan\u0131\u015fan F.G. (31) ile [&hellip;]<\/p>\n","protected":false},"author":1,"featured_media":3219,"comment_status":"closed","ping_status":"closed","sticky":false,"template":"","format":"standard","meta":{"footnotes":""},"categories":[7,39],"tags":[],"class_list":["post-3218","post","type-post","status-publish","format-standard","has-post-thumbnail","hentry","category-gundem","category-haber"],"_links":{"self":[{"href":"https:\/\/avukatimtv.com\/index.php\/wp-json\/wp\/v2\/posts\/3218","targetHints":{"allow":["GET"]}}],"collection":[{"href":"https:\/\/avukatimtv.com\/index.php\/wp-json\/wp\/v2\/posts"}],"about":[{"href":"https:\/\/avukatimtv.com\/index.php\/wp-json\/wp\/v2\/types\/post"}],"author":[{"embeddable":true,"href":"https:\/\/avukatimtv.com\/index.php\/wp-json\/wp\/v2\/users\/1"}],"replies":[{"embeddable":true,"href":"https:\/\/avukatimtv.com\/index.php\/wp-json\/wp\/v2\/comments?post=3218"}],"version-history":[{"count":1,"href":"https:\/\/avukatimtv.com\/index.php\/wp-json\/wp\/v2\/posts\/3218\/revisions"}],"predecessor-version":[{"id":3220,"href":"https:\/\/avukatimtv.com\/index.php\/wp-json\/wp\/v2\/posts\/3218\/revisions\/3220"}],"wp:featuredmedia":[{"embeddable":true,"href":"https:\/\/avukatimtv.com\/index.php\/wp-json\/wp\/v2\/media\/3219"}],"wp:attachment":[{"href":"https:\/\/avukatimtv.com\/index.php\/wp-json\/wp\/v2\/media?parent=3218"}],"wp:term":[{"taxonomy":"category","embeddable":true,"href":"https:\/\/avukatimtv.com\/index.php\/wp-json\/wp\/v2\/categories?post=3218"},{"taxonomy":"post_tag","embeddable":true,"href":"https:\/\/avukatimtv.com\/index.php\/wp-json\/wp\/v2\/tags?post=3218"}],"curies":[{"name":"wp","href":"https:\/\/api.w.org\/{rel}","templated":true}]}}