{"id":3222,"date":"2026-04-11T19:06:34","date_gmt":"2026-04-11T16:06:34","guid":{"rendered":"https:\/\/avukatimtv.com\/?p=3222"},"modified":"2026-04-11T19:06:34","modified_gmt":"2026-04-11T16:06:34","slug":"7-aylik-hamile-baharin-cesedi-golette-bulunmustu-cinayet-plani-ortaya-cikti","status":"publish","type":"post","link":"https:\/\/avukatimtv.com\/index.php\/2026\/04\/11\/7-aylik-hamile-baharin-cesedi-golette-bulunmustu-cinayet-plani-ortaya-cikti\/","title":{"rendered":"7 ayl\u0131k hamile Bahar&#8217;\u0131n cesedi g\u00f6lette bulunmu\u015ftu! Cinayet plan\u0131 ortaya \u00e7\u0131kt\u0131"},"content":{"rendered":"<p>Adana&#8217;n\u0131n Tufanbeyli il\u00e7esinde K\u00fcrebeli Baraj\u0131&#8217;nda \u00f6l\u00fc bulunan Bahar Aks\u00fct (24) cinayete kurban gitti ortaya \u00e7\u0131karken, gen\u00e7 kad\u0131n\u0131n 7 ayl\u0131k hamile oldu\u011fu \u00f6\u011frenildi.<\/p>\n<p>Edinilen bilgiye g\u00f6re, barajda foto\u011fraf \u00e7ektirmeye giden vatanda\u015flar\u0131n ihbar\u0131 \u00fczerine bulunan\u00a0kad\u0131n\u00a0cesedinin,\u00a0<strong><em>Bahar\u00a0Aks\u00fct&#8217;e<\/em><\/strong>\u00a0ait oldu\u011fu tespit edildi.<\/p>\n<ul>\n<li>Yap\u0131lan incelemede gen\u00e7 kad\u0131n\u0131n<strong><em>\u00a08 yerinden b\u0131\u00e7akland\u0131ktan sonra baraja at\u0131ld\u0131\u011f\u0131 belirlendi.\u00a0<\/em><\/strong><\/li>\n<li>Olay\u0131 derinle\u015ftiren jandarma ekipleri, cinayet \u015f\u00fcphelisinin\u00a0<strong><em>Yeni Cami Mahallesi Muhtar\u0131 evli ve 2 engelli \u00e7ocuk babas\u0131 Mustafa Ar\u0131kan (44)\u00a0<\/em><\/strong>oldu\u011funu ortaya \u00e7\u0131kard\u0131.<\/li>\n<li>\u0130ddiaya g\u00f6re,\u00a0 Ar\u0131kan ile\u00a0Aks\u00fct\u00a0aras\u0131nda g\u00f6n\u00fcl ili\u015fkisi bulundu\u011fu, bu ili\u015fkiden hamile kalan gen\u00e7 kad\u0131n\u0131n 7 ayl\u0131k oldu\u011fu \u00f6\u011frenildi.<\/li>\n<li>Durumu \u00f6\u011frenen muhtar\u0131n ailesinin bebe\u011fi istemedi\u011fi, Ar\u0131kan&#8217;\u0131n da\u00a0Aks\u00fct&#8217;e bebe\u011fi ald\u0131rmas\u0131 i\u00e7in bask\u0131 yapt\u0131\u011f\u0131 \u00f6ne s\u00fcr\u00fcld\u00fc.<\/li>\n<\/ul>\n<h3>7 AYLIK KADINI BI\u00c7AKLAYARAK \u00d6LD\u00dcRD\u00dc<\/h3>\n<p>Cinayetin, 22 \u015eubat g\u00fcn\u00fc gece i\u015flendi\u011fi belirlendi.<\/p>\n<p>\u0130ddiaya g\u00f6re, Ar\u0131kan, arkada\u015f\u0131 Vural \u00d6. ile birlikte Kahramanmara\u015f&#8217;\u0131n Elbistan il\u00e7esine giderek\u00a0Bahar\u00a0Aks\u00fct\u00a0ve arkada\u015f\u0131 Kader K.&#8217;yi (25) al\u0131p Tufanbeyli&#8217;ye getirdi.<\/p>\n<p>Daha sonra Kader K. ve Vural \u00d6. (37) evde kal\u0131rken muhtar\u00a0Bahar\u00a0Aks\u00fct&#8217;\u00fc alarak K\u00fcrebeli Yaylas\u0131&#8217;ndaki baraj kenar\u0131na g\u00f6t\u00fcrd\u00fc.<\/p>\n<p>Burada gen\u00e7 kad\u0131na bebe\u011fi ald\u0131rmas\u0131n\u0131 isteyen Ar\u0131kan, olumsuz yan\u0131t al\u0131nca<strong><em>\u00a07 ayl\u0131k hamile\u00a0Aks\u00fct&#8217;\u00fc, 8 yerinden b\u0131\u00e7aklayarak \u00f6ld\u00fcrd\u00fc.<\/em><\/strong><\/p>\n<h3>BUZU KIRIP CESED\u0130 G\u00d6LETE ATTI<\/h3>\n<p>iddiaya g\u00f6re, Ar\u0131kan, gen\u00e7 kad\u0131n\u0131 \u00f6ld\u00fcrd\u00fckten sonra cesedin bulunmamas\u0131 i\u00e7in baraja atmay\u0131 denedi ancak baraj so\u011fuktan dolay\u0131 buz tuttu\u011fu i\u00e7in atamad\u0131.<\/p>\n<p>Bunun \u00fczerine ara\u00e7tan balyoz alarak buzu k\u0131r\u0131p gen\u00e7 kad\u0131n\u0131 baraja att\u0131.<\/p>\n<p>Daha sonrada Kader K. ve Vural \u00d6.&#8217;n\u00fcn oldu\u011fu eve geldi.<\/p>\n<h3>2 \u015e\u00dcPHEL\u0130YLE B\u0130RL\u0130KTE C\u0130NAYET YER\u0130NE GER\u0130 D\u00d6ND\u00dc<\/h3>\n<p>Bir s\u00fcre sonra muhtar cesedin d\u0131\u015far\u0131 \u00e7\u0131kaca\u011f\u0131n\u0131 d\u00fc\u015f\u00fcnerek Vural \u00d6. ve Kader K.&#8217;yi al\u0131p olay yerine gitti.<\/p>\n<p>Muhtar cesedi att\u0131\u011f\u0131 yere bak\u0131p gen\u00e7 kad\u0131n\u0131n y\u00fczeye \u00e7\u0131kmad\u0131\u011f\u0131n\u0131 g\u00f6r\u00fcnce tekrar Tufanbeyli&#8217;ye d\u00f6nd\u00fc.<\/p>\n<p><strong><em>Cinayete tan\u0131k olan Kader K.&#8217;yi de \u00f6ld\u00fcrmek isteyen zanl\u0131n\u0131n,<\/em><\/strong>\u00a0gen\u00e7 kad\u0131n\u0131n yalvarmas\u0131 \u00fczerine bundan vazge\u00e7ti\u011fi ileri s\u00fcr\u00fcld\u00fc.<\/p>\n","protected":false},"excerpt":{"rendered":"<p>Adana&#8217;n\u0131n Tufanbeyli il\u00e7esinde K\u00fcrebeli Baraj\u0131&#8217;nda \u00f6l\u00fc bulunan Bahar Aks\u00fct (24) cinayete kurban gitti ortaya \u00e7\u0131karken, gen\u00e7 kad\u0131n\u0131n 7 ayl\u0131k hamile oldu\u011fu \u00f6\u011frenildi. Edinilen bilgiye g\u00f6re, barajda foto\u011fraf \u00e7ektirmeye giden vatanda\u015flar\u0131n ihbar\u0131 \u00fczerine bulunan\u00a0kad\u0131n\u00a0cesedinin,\u00a0Bahar\u00a0Aks\u00fct&#8217;e\u00a0ait oldu\u011fu tespit edildi. Yap\u0131lan incelemede gen\u00e7 kad\u0131n\u0131n\u00a08 yerinden b\u0131\u00e7akland\u0131ktan sonra baraja at\u0131ld\u0131\u011f\u0131 belirlendi.\u00a0 Olay\u0131 derinle\u015ftiren jandarma ekipleri, cinayet \u015f\u00fcphelisinin\u00a0Yeni Cami Mahallesi Muhtar\u0131 [&hellip;]<\/p>\n","protected":false},"author":1,"featured_media":3223,"comment_status":"closed","ping_status":"closed","sticky":false,"template":"","format":"standard","meta":{"footnotes":""},"categories":[7,39],"tags":[],"class_list":["post-3222","post","type-post","status-publish","format-standard","has-post-thumbnail","hentry","category-gundem","category-haber"],"_links":{"self":[{"href":"https:\/\/avukatimtv.com\/index.php\/wp-json\/wp\/v2\/posts\/3222","targetHints":{"allow":["GET"]}}],"collection":[{"href":"https:\/\/avukatimtv.com\/index.php\/wp-json\/wp\/v2\/posts"}],"about":[{"href":"https:\/\/avukatimtv.com\/index.php\/wp-json\/wp\/v2\/types\/post"}],"author":[{"embeddable":true,"href":"https:\/\/avukatimtv.com\/index.php\/wp-json\/wp\/v2\/users\/1"}],"replies":[{"embeddable":true,"href":"https:\/\/avukatimtv.com\/index.php\/wp-json\/wp\/v2\/comments?post=3222"}],"version-history":[{"count":1,"href":"https:\/\/avukatimtv.com\/index.php\/wp-json\/wp\/v2\/posts\/3222\/revisions"}],"predecessor-version":[{"id":3224,"href":"https:\/\/avukatimtv.com\/index.php\/wp-json\/wp\/v2\/posts\/3222\/revisions\/3224"}],"wp:featuredmedia":[{"embeddable":true,"href":"https:\/\/avukatimtv.com\/index.php\/wp-json\/wp\/v2\/media\/3223"}],"wp:attachment":[{"href":"https:\/\/avukatimtv.com\/index.php\/wp-json\/wp\/v2\/media?parent=3222"}],"wp:term":[{"taxonomy":"category","embeddable":true,"href":"https:\/\/avukatimtv.com\/index.php\/wp-json\/wp\/v2\/categories?post=3222"},{"taxonomy":"post_tag","embeddable":true,"href":"https:\/\/avukatimtv.com\/index.php\/wp-json\/wp\/v2\/tags?post=3222"}],"curies":[{"name":"wp","href":"https:\/\/api.w.org\/{rel}","templated":true}]}}