{"id":3225,"date":"2026-04-11T19:11:14","date_gmt":"2026-04-11T16:11:14","guid":{"rendered":"https:\/\/avukatimtv.com\/?p=3225"},"modified":"2026-04-11T19:11:14","modified_gmt":"2026-04-11T16:11:14","slug":"gurur-yapti-cinayet-isledi","status":"publish","type":"post","link":"https:\/\/avukatimtv.com\/index.php\/2026\/04\/11\/gurur-yapti-cinayet-isledi\/","title":{"rendered":"Gurur yapt\u0131 cinayet i\u015fledi"},"content":{"rendered":"<div class=\"news-content__inf\">\n<h2>\u0130STANBUL Avc\u0131lar\u2019da ara\u00e7 kiralama \u015firketinin sahibi Mustafa Aranc\u0131 (41), ge\u00e7en cumartesi gecesi arkada\u015f\u0131 Sercan \u015e.\u2019yi (33) i\u015fyerindeki b\u00fcroda misafir etti. Bir s\u00fcre sonra ikili aras\u0131nda bilinmeyen nedenle tart\u0131\u015fma \u00e7\u0131kt\u0131.<\/h2>\n<\/div>\n<div class=\"news-content readingTime\">\n<p>Aranc\u0131, yanlar\u0131nda bulunan ba\u015fka bir ki\u015fiye y\u00fcksek sesle konu\u015fan Sercan \u015e.\u2019ye tokat att\u0131. Tokad\u0131n ard\u0131ndan i\u015fyerinden ayr\u0131lan Sercan \u015e., k\u0131sa s\u00fcre sonra elinde tabancayla geri d\u00f6nerek, pe\u015f pe\u015fe ate\u015f edip\u00a0Mustafa Aranc\u0131\u2019y\u0131 sa\u011f baca\u011f\u0131ndan iki kez vurdu. Evli ve 2 \u00e7ocuk babas\u0131 Aranc\u0131, kald\u0131r\u0131ld\u0131\u011f\u0131 hastanede kurtar\u0131lamad\u0131.<\/p>\n<p>Polis ekipleri, sald\u0131r\u0131n\u0131n ard\u0131ndan ka\u00e7an \u015f\u00fcpheliyi yakalamak i\u00e7in \u00e7al\u0131\u015fma ba\u015flatt\u0131. Aranc\u0131\u2019n\u0131n cenazesi ise k\u0131l\u0131nan cenaze namaz\u0131n\u0131n ard\u0131ndan Kayaba\u015f\u0131 Mezarl\u0131\u011f\u0131\u2019nda topra\u011fa verildi.<\/p>\n<p><strong>\u2018AMACIM KORKUTMAKTI\u2019<\/strong><\/p>\n<p>Polis ekipleri, Sercan \u015e.\u2019yi yakalayarak g\u00f6zalt\u0131na ald\u0131. Soru\u015fturma kapsam\u0131nda \u015f\u00fcpheliye silah temin ettikleri belirlenen O.G. (37) ile F.\u00d6. (40) de yakaland\u0131. B\u00f6ylece olayla ilgili g\u00f6zalt\u0131 say\u0131s\u0131 3\u2019e y\u00fckseldi.<\/p>\n<p>Emniyetteki i\u015flemleri s\u0131ras\u0131nda su\u00e7unu itiraf eden Sercan \u015e., ifadesinde, \u201cBirlikte oturuyorduk. Tart\u0131\u015fma \u00e7\u0131kt\u0131. Y\u00fcksek sesle konu\u015funca bana k\u0131zarak tokat att\u0131. Herkesin i\u00e7inde yedi\u011fim tokad\u0131 kendime yediremedim. D\u0131\u015far\u0131 \u00e7\u0131k\u0131p bir arkada\u015f\u0131mdan silah ald\u0131m ve geri geldim. Aya\u011f\u0131na do\u011fru ate\u015f ettim. Amac\u0131m korkutmakt\u0131. Yaralad\u0131\u011f\u0131m\u0131 d\u00fc\u015f\u00fcn\u00fcp ka\u00e7t\u0131m, \u00f6ld\u00fc\u011f\u00fcn\u00fc sonradan \u00f6\u011frendim&#8221; dedi.<\/p>\n<\/div>\n","protected":false},"excerpt":{"rendered":"<p>\u0130STANBUL Avc\u0131lar\u2019da ara\u00e7 kiralama \u015firketinin sahibi Mustafa Aranc\u0131 (41), ge\u00e7en cumartesi gecesi arkada\u015f\u0131 Sercan \u015e.\u2019yi (33) i\u015fyerindeki b\u00fcroda misafir etti. Bir s\u00fcre sonra ikili aras\u0131nda bilinmeyen nedenle tart\u0131\u015fma \u00e7\u0131kt\u0131. Aranc\u0131, yanlar\u0131nda bulunan ba\u015fka bir ki\u015fiye y\u00fcksek sesle konu\u015fan Sercan \u015e.\u2019ye tokat att\u0131. Tokad\u0131n ard\u0131ndan i\u015fyerinden ayr\u0131lan Sercan \u015e., k\u0131sa s\u00fcre sonra elinde tabancayla geri d\u00f6nerek, [&hellip;]<\/p>\n","protected":false},"author":1,"featured_media":3226,"comment_status":"closed","ping_status":"closed","sticky":false,"template":"","format":"standard","meta":{"footnotes":""},"categories":[7,39],"tags":[],"class_list":["post-3225","post","type-post","status-publish","format-standard","has-post-thumbnail","hentry","category-gundem","category-haber"],"_links":{"self":[{"href":"https:\/\/avukatimtv.com\/index.php\/wp-json\/wp\/v2\/posts\/3225","targetHints":{"allow":["GET"]}}],"collection":[{"href":"https:\/\/avukatimtv.com\/index.php\/wp-json\/wp\/v2\/posts"}],"about":[{"href":"https:\/\/avukatimtv.com\/index.php\/wp-json\/wp\/v2\/types\/post"}],"author":[{"embeddable":true,"href":"https:\/\/avukatimtv.com\/index.php\/wp-json\/wp\/v2\/users\/1"}],"replies":[{"embeddable":true,"href":"https:\/\/avukatimtv.com\/index.php\/wp-json\/wp\/v2\/comments?post=3225"}],"version-history":[{"count":1,"href":"https:\/\/avukatimtv.com\/index.php\/wp-json\/wp\/v2\/posts\/3225\/revisions"}],"predecessor-version":[{"id":3227,"href":"https:\/\/avukatimtv.com\/index.php\/wp-json\/wp\/v2\/posts\/3225\/revisions\/3227"}],"wp:featuredmedia":[{"embeddable":true,"href":"https:\/\/avukatimtv.com\/index.php\/wp-json\/wp\/v2\/media\/3226"}],"wp:attachment":[{"href":"https:\/\/avukatimtv.com\/index.php\/wp-json\/wp\/v2\/media?parent=3225"}],"wp:term":[{"taxonomy":"category","embeddable":true,"href":"https:\/\/avukatimtv.com\/index.php\/wp-json\/wp\/v2\/categories?post=3225"},{"taxonomy":"post_tag","embeddable":true,"href":"https:\/\/avukatimtv.com\/index.php\/wp-json\/wp\/v2\/tags?post=3225"}],"curies":[{"name":"wp","href":"https:\/\/api.w.org\/{rel}","templated":true}]}}