{"id":3228,"date":"2026-04-13T17:55:35","date_gmt":"2026-04-13T14:55:35","guid":{"rendered":"https:\/\/avukatimtv.com\/?p=3228"},"modified":"2026-04-13T17:55:35","modified_gmt":"2026-04-13T14:55:35","slug":"asli-bas-davasi-sil-bastan-acili-baba-kizimin-mesajlari-silinmis-kameralar-sokulmus","status":"publish","type":"post","link":"https:\/\/avukatimtv.com\/index.php\/2026\/04\/13\/asli-bas-davasi-sil-bastan-acili-baba-kizimin-mesajlari-silinmis-kameralar-sokulmus\/","title":{"rendered":"Asl\u0131 Ba\u015f davas\u0131 sil ba\u015ftan&#8230; Ac\u0131l\u0131 baba: K\u0131z\u0131m\u0131n mesajlar\u0131 silinmi\u015f, kameralar s\u00f6k\u00fclm\u00fc\u015f"},"content":{"rendered":"<div class=\"news-content__inf\">\n<h2>2010 y\u0131l\u0131nda Bodrum&#8217;da \u015f\u00fcpheli bir \u015fekilde hayat\u0131n\u0131 kaybeden manken Asl\u0131 Ba\u015f&#8217;\u0131n \u00f6l\u00fcm\u00fcyle ilgili davada verilen beraat kararlar\u0131n\u0131n bozulmas\u0131 sonras\u0131 Asl\u0131 Ba\u015f\u2019\u0131n babas\u0131 Mehmet Yavuz Ba\u015f, sessizli\u011fini Kanal D\u2019nin \u00e7ok sevilen program\u0131 \u201cNeler Oluyor Hayatta\u201d canl\u0131 yay\u0131n\u0131nda bozdu. Mehmet Yavuz Ba\u015f, k\u0131z\u0131n\u0131n \u00f6l\u00fcm\u00fcyle ilgili dava s\u00fcrecinde k\u0131z\u0131n\u0131n telefonundaki mesajlar\u0131n silindi\u011fi olay yerindeki kameralar\u0131n s\u00f6k\u00fcld\u00fc\u011f\u00fcn\u00fc s\u00f6yledi.<\/h2>\n<\/div>\n<div class=\"news-content readingTime\">\n<div class=\"medyanet-outstream-mobile adRenderer\" data-pagetype=\"article\"><\/div>\n<div class=\"medyanet-inline-adv\">\n<p>2010 y\u0131l\u0131nda Bodrum&#8217;da \u015f\u00fcpheli bir \u015fekilde hayat\u0131n\u0131 kaybeden manken Asl\u0131 Ba\u015f&#8217;\u0131n \u00f6l\u00fcm\u00fcyle ilgili davada verilen beraat kararlar\u0131 Yarg\u0131tay taraf\u0131ndan bozulmu\u015f ve davan\u0131n yeniden g\u00f6r\u00fclmesine karar verilmi\u015fti. Asl\u0131 Ba\u015f\u2019\u0131n babas\u0131 Mehmet Yavuz Ba\u015f, y\u0131llar sonra sessizli\u011fini Kanal D\u2019nin \u00e7ok sevilen program\u0131 \u201cNeler Oluyor Hayatta\u201d canl\u0131 yay\u0131n\u0131nda bozdu. Ba\u015f\u2019\u0131n s\u00f6zleri g\u00fcndemi sarsacak t\u00fcrdendi.<\/p>\n<p>Hakan Ural ve Ferda Y\u0131ld\u0131r\u0131m\u2019\u0131n sunuculu\u011funu yapt\u0131\u011f\u0131 Kanal D\u2019nin ilgiyle izlenen program\u0131 \u201cNeler Oluyor Hayatta\u201d bug\u00fcn yine \u00e7ok \u00f6nemli bir konuyu masaya yat\u0131rd\u0131. Mu\u011fla&#8217;da 2010 y\u0131l\u0131nda turizmci Ahmet Bayer&#8217;e ait villan\u0131n balkonundan d\u00fc\u015ferek hayat\u0131n\u0131 kaybeden manken Asl\u0131 Ba\u015f&#8217;\u0131n babas\u0131\u00a0Mehmet Yavuz Ba\u015f, \u00f6ld\u00fcr\u00fcld\u00fc\u011f\u00fcn\u00fc ileri s\u00fcrd\u00fc\u011f\u00fc k\u0131z\u0131 i\u00e7in y\u0131llard\u0131r verdi\u011fi hukuk m\u00fccadelesini canl\u0131 yay\u0131nda anlatt\u0131.<\/p>\n<p><strong>\u201cKIZIMIN TELEFONUNDAN MESAJLARI S\u0130L\u0130NM\u0130\u015e\u201d<\/strong><\/p>\n<p>Ac\u0131l\u0131 baba, k\u0131z\u0131n\u0131n 16 y\u0131l \u00f6nce ger\u00e7ekle\u015fen karanl\u0131k \u00f6l\u00fcm\u00fcn\u00fc ve Yarg\u0131tay\u2019\u0131n davan\u0131n yeniden g\u00f6r\u00fclmesi karar\u0131n\u0131 \u015fu s\u00f6zlerle anlatt\u0131:<\/p>\n<p>\u201cBu davada eksik bilgiler var. Olay yerinde MOBESE kameralar\u0131 s\u00f6k\u00fcl\u00fcyor. Bilgiler silinmi\u015f ve dinlenmeyen \u015fahitler var. Bunlar\u0131n dinlenmesi ve eksiklerin tamamlanmas\u0131 i\u00e7in Yarg\u0131tay bu davay\u0131 bozdu. Yarg\u0131tay\u2019\u0131n g\u00f6rd\u00fc\u011f\u00fc bu eksikleri 10 sene boyunca g\u00f6remeyen bir mahkeme var ve biz bunun \u00fcz\u00fcnt\u00fcs\u00fcndeyiz.<\/p>\n<p>D\u00fc\u015f\u00fcn\u00fcn ki k\u0131z\u0131m\u0131n mesajlar\u0131 silinmi\u015f ve biz onlar\u0131 bilmiyoruz. Kameralar s\u00f6k\u00fclm\u00fc\u015f. Biz bu kameralar\u0131n incelenmesini istedik ve \u00e7\u00f6z\u00fclmesini bekliyoruz.<\/p>\n<p><strong>\u201cBEN\u0130M KIZIM \u0130NT\u0130HAR ETMEZ\u201d<\/strong><\/p>\n<p>\u201cBana \u2018merdivenden d\u00fc\u015ft\u00fc, kanamas\u0131 var\u2019 dediler ama bu k\u0131z at\u0131l\u0131yor ve ben bunun cinayet oldu\u011funu o zaman \u00f6\u011frendim. \u0130lk neden ambulans de\u011fil de ba\u015fkalar\u0131 aran\u0131yor? \u00c7ok aksayan bir yarg\u0131 s\u00fcreci var ve ben bu konuda \u00e7ok ma\u011fdurum.<\/p>\n<p>Onlarca uzman intihar olmad\u0131\u011f\u0131n\u0131 anlatt\u0131 ama mahkeme dikkate almad\u0131. Benim k\u0131z\u0131m asla intihara meyilli biri de\u011fildi. \u00d6l\u00fcm\u00fcnden k\u0131sa bir s\u00fcre \u00f6nce do\u011faya ve ya\u015fama te\u015fekk\u00fcr etti\u011fini herkes biliyor. Hayata \u00e7ok ba\u011fl\u0131, g\u00fcl\u00fcmseyen, ya\u015famay\u0131 seven bir gen\u00e7 k\u0131zd\u0131. \u0130ntihar etmesi asla m\u00fcmk\u00fcn de\u011fil.<\/p>\n<p>16 sene oldu ve ben 16 y\u0131ld\u0131r her t\u00fcrl\u00fc hastal\u0131\u011fa kap\u0131ld\u0131m. Bu merhametsizlik, insafs\u0131zl\u0131k ve adaletsizlikten ba\u015fka bir \u015fey de\u011fil. Benim k\u0131z\u0131m\u0131n intihar etmesi i\u00e7in bir neden yok ki.<\/p>\n<p>Bu adam, Almanya\u2019da rehabilitasyon merkezinde fizik tedavi g\u00f6rd\u00fc\u011f\u00fcnde benim k\u0131z\u0131m bu adama ahde vefa olsun diye refakat\u00e7ilik yapt\u0131 ve bu bile yanl\u0131\u015f yorumland\u0131. Halbuki benim k\u0131z\u0131m ni\u015fanl\u0131yd\u0131. Bizim sinirlerimizi bozup su\u00e7a itmek i\u00e7in o adamla g\u00f6n\u00fcl ili\u015fkisi varm\u0131\u015f gibi g\u00f6stermek istediler ama \u00f6yle bir \u015fey yok. K\u0131z\u0131m ni\u015fanl\u0131yd\u0131 ve benim k\u0131z\u0131m intihar etmez.\u201d<\/p>\n<\/div>\n<\/div>\n","protected":false},"excerpt":{"rendered":"<p>2010 y\u0131l\u0131nda Bodrum&#8217;da \u015f\u00fcpheli bir \u015fekilde hayat\u0131n\u0131 kaybeden manken Asl\u0131 Ba\u015f&#8217;\u0131n \u00f6l\u00fcm\u00fcyle ilgili davada verilen beraat kararlar\u0131n\u0131n bozulmas\u0131 sonras\u0131 Asl\u0131 Ba\u015f\u2019\u0131n babas\u0131 Mehmet Yavuz Ba\u015f, sessizli\u011fini Kanal D\u2019nin \u00e7ok sevilen program\u0131 \u201cNeler Oluyor Hayatta\u201d canl\u0131 yay\u0131n\u0131nda bozdu. Mehmet Yavuz Ba\u015f, k\u0131z\u0131n\u0131n \u00f6l\u00fcm\u00fcyle ilgili dava s\u00fcrecinde k\u0131z\u0131n\u0131n telefonundaki mesajlar\u0131n silindi\u011fi olay yerindeki kameralar\u0131n s\u00f6k\u00fcld\u00fc\u011f\u00fcn\u00fc s\u00f6yledi. 2010 [&hellip;]<\/p>\n","protected":false},"author":1,"featured_media":3229,"comment_status":"closed","ping_status":"closed","sticky":false,"template":"","format":"standard","meta":{"footnotes":""},"categories":[7,39],"tags":[],"class_list":["post-3228","post","type-post","status-publish","format-standard","has-post-thumbnail","hentry","category-gundem","category-haber"],"_links":{"self":[{"href":"https:\/\/avukatimtv.com\/index.php\/wp-json\/wp\/v2\/posts\/3228","targetHints":{"allow":["GET"]}}],"collection":[{"href":"https:\/\/avukatimtv.com\/index.php\/wp-json\/wp\/v2\/posts"}],"about":[{"href":"https:\/\/avukatimtv.com\/index.php\/wp-json\/wp\/v2\/types\/post"}],"author":[{"embeddable":true,"href":"https:\/\/avukatimtv.com\/index.php\/wp-json\/wp\/v2\/users\/1"}],"replies":[{"embeddable":true,"href":"https:\/\/avukatimtv.com\/index.php\/wp-json\/wp\/v2\/comments?post=3228"}],"version-history":[{"count":1,"href":"https:\/\/avukatimtv.com\/index.php\/wp-json\/wp\/v2\/posts\/3228\/revisions"}],"predecessor-version":[{"id":3230,"href":"https:\/\/avukatimtv.com\/index.php\/wp-json\/wp\/v2\/posts\/3228\/revisions\/3230"}],"wp:featuredmedia":[{"embeddable":true,"href":"https:\/\/avukatimtv.com\/index.php\/wp-json\/wp\/v2\/media\/3229"}],"wp:attachment":[{"href":"https:\/\/avukatimtv.com\/index.php\/wp-json\/wp\/v2\/media?parent=3228"}],"wp:term":[{"taxonomy":"category","embeddable":true,"href":"https:\/\/avukatimtv.com\/index.php\/wp-json\/wp\/v2\/categories?post=3228"},{"taxonomy":"post_tag","embeddable":true,"href":"https:\/\/avukatimtv.com\/index.php\/wp-json\/wp\/v2\/tags?post=3228"}],"curies":[{"name":"wp","href":"https:\/\/api.w.org\/{rel}","templated":true}]}}