{"id":3231,"date":"2026-04-13T17:59:57","date_gmt":"2026-04-13T14:59:57","guid":{"rendered":"https:\/\/avukatimtv.com\/?p=3231"},"modified":"2026-04-13T17:59:57","modified_gmt":"2026-04-13T14:59:57","slug":"bogazi-kesilerek-oldurulen-kadinin-katili-mustakbel-damadi-cikti-itiraflari-kan-donduruyor","status":"publish","type":"post","link":"https:\/\/avukatimtv.com\/index.php\/2026\/04\/13\/bogazi-kesilerek-oldurulen-kadinin-katili-mustakbel-damadi-cikti-itiraflari-kan-donduruyor\/","title":{"rendered":"Bo\u011faz\u0131 kesilerek \u00f6ld\u00fcr\u00fclen kad\u0131n\u0131n katili m\u00fcstakbel damad\u0131 \u00e7\u0131kt\u0131! \u0130tiraflar\u0131 kan donduruyor"},"content":{"rendered":"<h2 class=\"mt10 haber_ozet\">Bursa&#8217;da, 65 ya\u015f\u0131ndaki Fatma Ekinci evinde bo\u011faz\u0131 kesilerek \u00f6ld\u00fcr\u00fcld\u00fc. \u00c7ald\u0131\u011f\u0131 alt\u0131nlarla yakalanan ve ailenin damat aday\u0131 oldu\u011funu \u00f6ne s\u00fcren katil zanl\u0131s\u0131 Erdi B. su\u00e7unu itiraf etti. Alt\u0131nlar\u0131n nerede sakland\u0131\u011f\u0131ndan haberdar oldu\u011funu belirten \u015fah\u0131s, cinayetin ard\u0131ndan \u00fczerinde kan bulunan k\u0131yafetler ile olayda kulland\u0131\u011f\u0131 b\u0131\u00e7a\u011f\u0131 farkl\u0131 mahallerde \u00e7\u00f6p konteynerine att\u0131\u011f\u0131n\u0131 belirtti.<\/h2>\n<p>Bursa&#8217;n\u0131n\u00a0Gemlik\u00a0il\u00e7esinde Fatma\u00a0Ekinci&#8217;yi (65) evinde bo\u011faz\u0131n\u0131 keserek \u00f6ld\u00fcren Erdi B. (30) yakalan\u0131p, g\u00f6zalt\u0131na al\u0131nd\u0131.<\/p>\n<p>Olay, d\u00fcn Hamidiye Mahallesi Yavuz Sokak&#8217;taki 5 katl\u0131 binan\u0131n 3&#8217;\u00fcnc\u00fc kat\u0131ndaki dairede meydana geldi. Nihat Ekinci (69), cuma namaz\u0131n\u0131 k\u0131lmak \u00fczere camiye gitmek i\u00e7in evden ayr\u0131ld\u0131. Namazdan sonra eve d\u00f6nen Ekinci, e\u015fi Fatma Ekinci&#8217;yi yerde hareketsiz halde yatarken buldu. \u0130hbar \u00fczerine adrese polis ve sa\u011fl\u0131k g\u00f6revlileri sevk edildi. Ekipler yapt\u0131\u011f\u0131 kontrolde, 2 \u00e7ocuk annesi Ekinci&#8217;nin, bo\u011faz\u0131n\u0131n kesilerek \u00f6ld\u00fcr\u00fcld\u00fckten sonra evde bulunan y\u00fckl\u00fc miktardaki alt\u0131n ve ziynet e\u015fyas\u0131n\u0131n \u00e7al\u0131nd\u0131\u011f\u0131n\u0131 belirledi.<\/p>\n<h3>EV\u0130NDE \u00c7ALDI\u011eI ALTINLARLA YAKALANDI<\/h3>\n<p>Cumhuriyet savc\u0131s\u0131n\u0131n evde yapt\u0131\u011f\u0131 incelemenin ard\u0131ndan Fatma Ekinci&#8217;nin cenazesi otopsi yap\u0131lmak \u00fczere Bursa Adli T\u0131p Kurumu morguna kald\u0131r\u0131ld\u0131. \u00c7evredeki g\u00fcvenlik kameralar\u0131n\u0131 inceleyen ekipler, cinayeti aile ile yak\u0131n ili\u015fkisi bulundu\u011fu belirtilen il\u00e7ede bilgisayar tamircili\u011fi yapan Erdi B.&#8217;nin i\u015fledi\u011fini saptad\u0131. \u015e\u00fcpheli, gece saatlerinde evine d\u00fczenlenen operasyonla yakalanarak g\u00f6zalt\u0131na al\u0131nd\u0131. Evde yap\u0131lan aramada \u00f6ld\u00fcr\u00fclen Fatma Ekinci&#8217;ye ait alt\u0131n ve ziynet e\u015fyalar\u0131 bulundu.<\/p>\n<p><img decoding=\"async\" src=\"https:\/\/foto.sondakika.com\/haber\/2026\/04\/11\/evde-bogazi-kesilerek-oldurulen-kadinin-cinay-2-19739704_o.jpg\" alt=\"Bo\u011faz\u0131 kesilerek \u00f6ld\u00fcr\u00fclen kad\u0131n\u0131n katili m\u00fcstakbel damad\u0131 \u00e7\u0131kt\u0131! \u0130tiraflar\u0131 kan donduruyor\" \/><\/p>\n<h3>KANLI KIYAFETLER\u0130N\u0130 \u00c7\u00d6P KONTEYNER\u0130NE ATMI\u015e<\/h3>\n<p>Emniyete g\u00f6t\u00fcr\u00fclen Erdi B.&#8217;in ifadesinde Fatma Ekinci&#8217;nin k\u0131z\u0131 ile olan ili\u015fkisinden dolay\u0131 &#8216;damat aday\u0131&#8217; oldu\u011funu \u00f6ne s\u00fcrd\u00fc\u011f\u00fc bildirildi. Nihat Ekici&#8217;nin cuma namaz\u0131na gidece\u011fini bildi\u011fini, alt\u0131nlar\u0131n nerede sakland\u0131\u011f\u0131ndan haberdar oldu\u011funu belirten Erdi B., cinayetin ard\u0131ndan \u00fczerinde kan bulunan k\u0131yafetler ile olayda kulland\u0131\u011f\u0131 b\u0131\u00e7a\u011f\u0131 farkl\u0131 mahallerde \u00e7\u00f6p konteynerine att\u0131\u011f\u0131n\u0131 itiraf etti.<\/p>\n<p><img decoding=\"async\" src=\"https:\/\/foto.sondakika.com\/haber\/2026\/04\/11\/evde-bogazi-kesilerek-oldurulen-kadinin-cinay-10-19739704_o.jpg\" alt=\"Bo\u011faz\u0131 kesilerek \u00f6ld\u00fcr\u00fclen kad\u0131n\u0131n katili m\u00fcstakbel damad\u0131 \u00e7\u0131kt\u0131! \u0130tiraflar\u0131 kan donduruyor\" \/><\/p>\n<h3>ADL\u0130YEYE SEVK ED\u0130LD\u0130<\/p>\n<p><img decoding=\"async\" src=\"https:\/\/foto.sondakika.com\/haber\/2026\/04\/11\/evde-bogazi-kesilerek-oldurulen-kadinin-cinay-6-19739704_o.jpg\" alt=\"Bo\u011faz\u0131 kesilerek \u00f6ld\u00fcr\u00fclen kad\u0131n\u0131n katili m\u00fcstakbel damad\u0131 \u00e7\u0131kt\u0131! \u0130tiraflar\u0131 kan donduruyor\" \/><\/h3>\n<p>\u015e\u00fcpheli adliyeye sevk edilirken, polis, \u00e7\u00f6p konteynerinden bulup \u00e7\u0131kard\u0131\u011f\u0131 kanl\u0131 k\u0131yafet ve cinayette kullan\u0131lan b\u0131\u00e7a\u011f\u0131 Cumhuriyet savc\u0131l\u0131\u011f\u0131na teslim etti.<\/p>\n","protected":false},"excerpt":{"rendered":"<p>Bursa&#8217;da, 65 ya\u015f\u0131ndaki Fatma Ekinci evinde bo\u011faz\u0131 kesilerek \u00f6ld\u00fcr\u00fcld\u00fc. \u00c7ald\u0131\u011f\u0131 alt\u0131nlarla yakalanan ve ailenin damat aday\u0131 oldu\u011funu \u00f6ne s\u00fcren katil zanl\u0131s\u0131 Erdi B. su\u00e7unu itiraf etti. Alt\u0131nlar\u0131n nerede sakland\u0131\u011f\u0131ndan haberdar oldu\u011funu belirten \u015fah\u0131s, cinayetin ard\u0131ndan \u00fczerinde kan bulunan k\u0131yafetler ile olayda kulland\u0131\u011f\u0131 b\u0131\u00e7a\u011f\u0131 farkl\u0131 mahallerde \u00e7\u00f6p konteynerine att\u0131\u011f\u0131n\u0131 belirtti. Bursa&#8217;n\u0131n\u00a0Gemlik\u00a0il\u00e7esinde Fatma\u00a0Ekinci&#8217;yi (65) evinde bo\u011faz\u0131n\u0131 keserek [&hellip;]<\/p>\n","protected":false},"author":1,"featured_media":3232,"comment_status":"closed","ping_status":"closed","sticky":false,"template":"","format":"standard","meta":{"footnotes":""},"categories":[7,39],"tags":[80,584],"class_list":["post-3231","post","type-post","status-publish","format-standard","has-post-thumbnail","hentry","category-gundem","category-haber","tag-bursa","tag-gemlik"],"_links":{"self":[{"href":"https:\/\/avukatimtv.com\/index.php\/wp-json\/wp\/v2\/posts\/3231","targetHints":{"allow":["GET"]}}],"collection":[{"href":"https:\/\/avukatimtv.com\/index.php\/wp-json\/wp\/v2\/posts"}],"about":[{"href":"https:\/\/avukatimtv.com\/index.php\/wp-json\/wp\/v2\/types\/post"}],"author":[{"embeddable":true,"href":"https:\/\/avukatimtv.com\/index.php\/wp-json\/wp\/v2\/users\/1"}],"replies":[{"embeddable":true,"href":"https:\/\/avukatimtv.com\/index.php\/wp-json\/wp\/v2\/comments?post=3231"}],"version-history":[{"count":1,"href":"https:\/\/avukatimtv.com\/index.php\/wp-json\/wp\/v2\/posts\/3231\/revisions"}],"predecessor-version":[{"id":3233,"href":"https:\/\/avukatimtv.com\/index.php\/wp-json\/wp\/v2\/posts\/3231\/revisions\/3233"}],"wp:featuredmedia":[{"embeddable":true,"href":"https:\/\/avukatimtv.com\/index.php\/wp-json\/wp\/v2\/media\/3232"}],"wp:attachment":[{"href":"https:\/\/avukatimtv.com\/index.php\/wp-json\/wp\/v2\/media?parent=3231"}],"wp:term":[{"taxonomy":"category","embeddable":true,"href":"https:\/\/avukatimtv.com\/index.php\/wp-json\/wp\/v2\/categories?post=3231"},{"taxonomy":"post_tag","embeddable":true,"href":"https:\/\/avukatimtv.com\/index.php\/wp-json\/wp\/v2\/tags?post=3231"}],"curies":[{"name":"wp","href":"https:\/\/api.w.org\/{rel}","templated":true}]}}