{"id":3234,"date":"2026-04-13T18:05:22","date_gmt":"2026-04-13T15:05:22","guid":{"rendered":"https:\/\/avukatimtv.com\/?p=3234"},"modified":"2026-04-13T18:05:22","modified_gmt":"2026-04-13T15:05:22","slug":"arkadasini-bicaklayan-supheli-tutuklandi","status":"publish","type":"post","link":"https:\/\/avukatimtv.com\/index.php\/2026\/04\/13\/arkadasini-bicaklayan-supheli-tutuklandi\/","title":{"rendered":"Arkada\u015f\u0131n\u0131 B\u0131\u00e7aklayan \u015e\u00fcpheli Tutukland\u0131"},"content":{"rendered":"<p><strong>ARKADA\u015eINI BI\u00c7AKLADI\u011eINI \u0130T\u0130RAF ETT\u0130<\/strong><\/p>\n<p>Adem Day\u0131k bug\u00fcn topra\u011fa verilirken, \u015f\u00fcpheli Mehmet A. ise polis taraf\u0131ndan yakalan\u0131p g\u00f6zalt\u0131na al\u0131nd\u0131. Emniyette ifadesi al\u0131nan Mehmet A., Day\u0131k ile arkada\u015f olduklar\u0131n\u0131, aralar\u0131nda \u00e7\u0131kan k\u00fcf\u00fcrle\u015fmenin b\u00fcy\u00fcmesi \u00fczerine tart\u0131\u015ft\u0131klar\u0131n\u0131 ve yan\u0131nda bulunan b\u0131\u00e7akla Day\u0131k&#8217;\u0131n bo\u011faz\u0131n\u0131 keserek \u00f6l\u00fcm\u00fcne neden oldu\u011funu s\u00f6yledi\u011fi \u00f6\u011frenildi.<\/p>\n<p>\u0130\u015flemlerinin ard\u0131ndan adliyeye sevk edilen Mehmet A., \u00e7\u0131kar\u0131ld\u0131\u011f\u0131 mahkemede tutukland\u0131.<\/p>\n","protected":false},"excerpt":{"rendered":"<p>ARKADA\u015eINI BI\u00c7AKLADI\u011eINI \u0130T\u0130RAF ETT\u0130 Adem Day\u0131k bug\u00fcn topra\u011fa verilirken, \u015f\u00fcpheli Mehmet A. ise polis taraf\u0131ndan yakalan\u0131p g\u00f6zalt\u0131na al\u0131nd\u0131. Emniyette ifadesi al\u0131nan Mehmet A., Day\u0131k ile arkada\u015f olduklar\u0131n\u0131, aralar\u0131nda \u00e7\u0131kan k\u00fcf\u00fcrle\u015fmenin b\u00fcy\u00fcmesi \u00fczerine tart\u0131\u015ft\u0131klar\u0131n\u0131 ve yan\u0131nda bulunan b\u0131\u00e7akla Day\u0131k&#8217;\u0131n bo\u011faz\u0131n\u0131 keserek \u00f6l\u00fcm\u00fcne neden oldu\u011funu s\u00f6yledi\u011fi \u00f6\u011frenildi. \u0130\u015flemlerinin ard\u0131ndan adliyeye sevk edilen Mehmet A., \u00e7\u0131kar\u0131ld\u0131\u011f\u0131 mahkemede tutukland\u0131.<\/p>\n","protected":false},"author":1,"featured_media":3235,"comment_status":"closed","ping_status":"closed","sticky":false,"template":"","format":"standard","meta":{"footnotes":""},"categories":[7,39],"tags":[],"class_list":["post-3234","post","type-post","status-publish","format-standard","has-post-thumbnail","hentry","category-gundem","category-haber"],"_links":{"self":[{"href":"https:\/\/avukatimtv.com\/index.php\/wp-json\/wp\/v2\/posts\/3234","targetHints":{"allow":["GET"]}}],"collection":[{"href":"https:\/\/avukatimtv.com\/index.php\/wp-json\/wp\/v2\/posts"}],"about":[{"href":"https:\/\/avukatimtv.com\/index.php\/wp-json\/wp\/v2\/types\/post"}],"author":[{"embeddable":true,"href":"https:\/\/avukatimtv.com\/index.php\/wp-json\/wp\/v2\/users\/1"}],"replies":[{"embeddable":true,"href":"https:\/\/avukatimtv.com\/index.php\/wp-json\/wp\/v2\/comments?post=3234"}],"version-history":[{"count":1,"href":"https:\/\/avukatimtv.com\/index.php\/wp-json\/wp\/v2\/posts\/3234\/revisions"}],"predecessor-version":[{"id":3236,"href":"https:\/\/avukatimtv.com\/index.php\/wp-json\/wp\/v2\/posts\/3234\/revisions\/3236"}],"wp:featuredmedia":[{"embeddable":true,"href":"https:\/\/avukatimtv.com\/index.php\/wp-json\/wp\/v2\/media\/3235"}],"wp:attachment":[{"href":"https:\/\/avukatimtv.com\/index.php\/wp-json\/wp\/v2\/media?parent=3234"}],"wp:term":[{"taxonomy":"category","embeddable":true,"href":"https:\/\/avukatimtv.com\/index.php\/wp-json\/wp\/v2\/categories?post=3234"},{"taxonomy":"post_tag","embeddable":true,"href":"https:\/\/avukatimtv.com\/index.php\/wp-json\/wp\/v2\/tags?post=3234"}],"curies":[{"name":"wp","href":"https:\/\/api.w.org\/{rel}","templated":true}]}}