{"id":3237,"date":"2026-04-13T18:20:37","date_gmt":"2026-04-13T15:20:37","guid":{"rendered":"https:\/\/avukatimtv.com\/?p=3237"},"modified":"2026-04-13T18:20:37","modified_gmt":"2026-04-13T15:20:37","slug":"bodrumdaki-cinayet-davasinda-karar-2-saniga-agirlastirilmis-muebbet","status":"publish","type":"post","link":"https:\/\/avukatimtv.com\/index.php\/2026\/04\/13\/bodrumdaki-cinayet-davasinda-karar-2-saniga-agirlastirilmis-muebbet\/","title":{"rendered":"Bodrum&#8217;daki cinayet davas\u0131nda karar: 2 san\u0131\u011fa a\u011f\u0131rla\u015ft\u0131r\u0131lm\u0131\u015f m\u00fcebbet"},"content":{"rendered":"<p style=\"font-weight: 400;\"><strong>Bodrum&#8217;daki cinayet davas\u0131nda karar: 2 san\u0131\u011fa a\u011f\u0131rla\u015ft\u0131r\u0131lm\u0131\u015f m\u00fcebbet Mu\u011fla&#8217;n\u0131n Bodrum il\u00e7esinde 2022 y\u0131l\u0131nda 50 ya\u015f\u0131ndaki \u00dcmit Erol&#8217;un \u00f6ld\u00fcr\u00fclerek cesedinin kum dolu \u00e7uval i\u00e7erisinde yol kenar\u0131na g\u00f6m\u00fclmesine ili\u015fkin davada karar \u00e7\u0131kt\u0131. Mahkeme, 2 san\u0131\u011fa a\u011f\u0131rla\u015ft\u0131r\u0131lm\u0131\u015f m\u00fcebbet hapis cezas\u0131 verirken, 4 san\u0131\u011f\u0131 delilleri karartmaktan 10&#8217;ar ay hapis cezas\u0131na \u00e7arpt\u0131rd\u0131. 2 san\u0131k ise beraat etti.<\/strong><\/p>\n<p style=\"font-weight: 400;\">Olay, 28 Haziran 2022 gecesi Ortakent \u00dcniversite Caddesi&#8217;nde yol kenar\u0131ndan gelen k\u00f6t\u00fc koku \u00fczerine ortaya \u00e7\u0131kt\u0131. \u0130hbarla b\u00f6lgeye gelen ekipler, toprak alt\u0131na gizlenmi\u015f, kum dolu \u00e7uval i\u00e7erisindeki erkek cesedini buldu. Yap\u0131lan incelemeler sonucu cesedin, kay\u0131p ba\u015fvurusu yap\u0131lan \u00dcmit Erol&#8217;a ait oldu\u011fu belirlendi. Soru\u015fturma kapsam\u0131nda H.T.A., annesi F.N.A., anestezi teknikeri B.A. ile G.\u0130., E.D., A.T.S., S.E. ve T.B.S. g\u00f6zalt\u0131na al\u0131nd\u0131. \u015e\u00fcphelilerden 7&#8217;si tutuklan\u0131rken, s\u00fcre\u00e7 i\u00e7erisinde baz\u0131 \u015f\u00fcpheliler serbest b\u0131rak\u0131ld\u0131.<\/p>\n<p style=\"font-weight: 400;\">Haz\u0131rlanan iddianamede, H.T.A.&#8217;n\u0131n bor\u00e7 meselesi nedeniyle \u00dcmit Erol&#8217;a kin besledi\u011fi, Erol&#8217;u oto kiralama i\u015fletmesine \u00e7a\u011f\u0131rarak i\u00e7ece\u011fine ila\u00e7 katt\u0131\u011f\u0131 ve etkisiz hale getirdi\u011fi belirtildi. Ard\u0131ndan B.A. ile birlikte hareket eden H.T.A.&#8217;n\u0131n, bayg\u0131n haldeki Erol&#8217;u araca bindirerek ormanl\u0131k alana g\u00f6t\u00fcrd\u00fc\u011f\u00fc, burada silahla ate\u015f etti\u011fi ifade edildi. \u0130ddianamede ayr\u0131ca, H.T.A.&#8217;n\u0131n olay\u0131n ard\u0131ndan delilleri yok etmek i\u00e7in g\u00fcvenlik kamera kay\u0131tlar\u0131n\u0131 sildirdi\u011fi, daha sonra bir arkada\u015f\u0131yla birlikte olay yerine d\u00f6nerek Erol&#8217;u tekrar ate\u015f ederek \u00f6ld\u00fcrd\u00fc\u011f\u00fc bilgilerine yer verildi. Cesedin ortadan kald\u0131r\u0131lmas\u0131 i\u00e7in di\u011fer \u015f\u00fcphelilerle irtibata ge\u00e7ildi\u011fi, cesedin battaniyeye sar\u0131l\u0131p kum dolu \u00e7uval i\u00e7ine konularak yol kenar\u0131na g\u00f6m\u00fcld\u00fc\u011f\u00fc aktar\u0131ld\u0131.<\/p>\n<p style=\"font-weight: 400;\">Bodrum 2. A\u011f\u0131r Ceza Mahkemesi&#8217;nde g\u00f6r\u00fclen davan\u0131n karar duru\u015fmas\u0131nda mahkeme heyeti, tutuklu san\u0131klar H.T.A. ve B.A.&#8217;y\u0131 &#8220;beden veya ruh bak\u0131m\u0131ndan kendini savunamayacak ki\u015fiyi kasten \u00f6ld\u00fcrme&#8221; su\u00e7undan herhangi bir indirim uygulamaks\u0131z\u0131n a\u011f\u0131rla\u015ft\u0131r\u0131lm\u0131\u015f m\u00fcebbet hapis cezas\u0131na \u00e7arpt\u0131rd\u0131. Davada, &#8220;su\u00e7 delillerini yok etme, gizleme veya de\u011fi\u015ftirme&#8221; su\u00e7unu i\u015fledikleri belirlenen A.T.S., E.D., S.E. ve T.B.S.&#8217;ye 10&#8217;ar ay hapis cezas\u0131 verildi. Di\u011fer san\u0131klar F.N.A. ve G.\u0130. hakk\u0131nda ise beraat karar\u0131 verildi.<\/p>\n","protected":false},"excerpt":{"rendered":"<p>Bodrum&#8217;daki cinayet davas\u0131nda karar: 2 san\u0131\u011fa a\u011f\u0131rla\u015ft\u0131r\u0131lm\u0131\u015f m\u00fcebbet Mu\u011fla&#8217;n\u0131n Bodrum il\u00e7esinde 2022 y\u0131l\u0131nda 50 ya\u015f\u0131ndaki \u00dcmit Erol&#8217;un \u00f6ld\u00fcr\u00fclerek cesedinin kum dolu \u00e7uval i\u00e7erisinde yol kenar\u0131na g\u00f6m\u00fclmesine ili\u015fkin davada karar \u00e7\u0131kt\u0131. Mahkeme, 2 san\u0131\u011fa a\u011f\u0131rla\u015ft\u0131r\u0131lm\u0131\u015f m\u00fcebbet hapis cezas\u0131 verirken, 4 san\u0131\u011f\u0131 delilleri karartmaktan 10&#8217;ar ay hapis cezas\u0131na \u00e7arpt\u0131rd\u0131. 2 san\u0131k ise beraat etti. Olay, 28 Haziran [&hellip;]<\/p>\n","protected":false},"author":1,"featured_media":3238,"comment_status":"closed","ping_status":"closed","sticky":false,"template":"","format":"standard","meta":{"footnotes":""},"categories":[7,39],"tags":[],"class_list":["post-3237","post","type-post","status-publish","format-standard","has-post-thumbnail","hentry","category-gundem","category-haber"],"_links":{"self":[{"href":"https:\/\/avukatimtv.com\/index.php\/wp-json\/wp\/v2\/posts\/3237","targetHints":{"allow":["GET"]}}],"collection":[{"href":"https:\/\/avukatimtv.com\/index.php\/wp-json\/wp\/v2\/posts"}],"about":[{"href":"https:\/\/avukatimtv.com\/index.php\/wp-json\/wp\/v2\/types\/post"}],"author":[{"embeddable":true,"href":"https:\/\/avukatimtv.com\/index.php\/wp-json\/wp\/v2\/users\/1"}],"replies":[{"embeddable":true,"href":"https:\/\/avukatimtv.com\/index.php\/wp-json\/wp\/v2\/comments?post=3237"}],"version-history":[{"count":1,"href":"https:\/\/avukatimtv.com\/index.php\/wp-json\/wp\/v2\/posts\/3237\/revisions"}],"predecessor-version":[{"id":3239,"href":"https:\/\/avukatimtv.com\/index.php\/wp-json\/wp\/v2\/posts\/3237\/revisions\/3239"}],"wp:featuredmedia":[{"embeddable":true,"href":"https:\/\/avukatimtv.com\/index.php\/wp-json\/wp\/v2\/media\/3238"}],"wp:attachment":[{"href":"https:\/\/avukatimtv.com\/index.php\/wp-json\/wp\/v2\/media?parent=3237"}],"wp:term":[{"taxonomy":"category","embeddable":true,"href":"https:\/\/avukatimtv.com\/index.php\/wp-json\/wp\/v2\/categories?post=3237"},{"taxonomy":"post_tag","embeddable":true,"href":"https:\/\/avukatimtv.com\/index.php\/wp-json\/wp\/v2\/tags?post=3237"}],"curies":[{"name":"wp","href":"https:\/\/api.w.org\/{rel}","templated":true}]}}