{"id":3243,"date":"2026-04-13T18:39:11","date_gmt":"2026-04-13T15:39:11","guid":{"rendered":"https:\/\/avukatimtv.com\/?p=3243"},"modified":"2026-04-13T18:39:11","modified_gmt":"2026-04-13T15:39:11","slug":"kuzenini-korumak-isterken-oldurulen-16-yasindaki-mustafanin-ailesine-kan-donduran-mesaj","status":"publish","type":"post","link":"https:\/\/avukatimtv.com\/index.php\/2026\/04\/13\/kuzenini-korumak-isterken-oldurulen-16-yasindaki-mustafanin-ailesine-kan-donduran-mesaj\/","title":{"rendered":"Kuzenini korumak isterken \u00f6ld\u00fcr\u00fclen 16 ya\u015f\u0131ndaki Mustafa&#8217;n\u0131n ailesine kan donduran mesaj"},"content":{"rendered":"<h2 id=\"spot\" class=\"mt10 haber_ozet\">Aksaray&#8217;da halas\u0131n\u0131n k\u0131z\u0131n\u0131 rahats\u0131z eden akran\u0131 taraf\u0131ndan b\u0131\u00e7aklanarak \u00f6ld\u00fcr\u00fclen 16 ya\u015f\u0131ndaki Mustafa Ya\u011f\u0131z Edik cinayetine ili\u015fkin kan donduran detaylar ortaya \u00e7\u0131kt\u0131. O\u011flunun katili tan\u0131mad\u0131\u011f\u0131n\u0131 belirten ac\u0131l\u0131 baba, cenazenin ilk g\u00fcn\u00fc e\u015finin telefonuna &#8220;Mustafa Edik&#8217;i \u00f6ld\u00fcrenin arkada\u015f\u0131y\u0131z. \u015eikayetinizi geri \u00e7ekmezseniz, sizin hi\u00e7 akl\u0131n\u0131za ya da hayalinize gelmez \u015feyler yapar, size cehennemi ya\u015fat\u0131r\u0131z&#8221; yaz\u0131l\u0131 mesaj geldi\u011fini s\u00f6yledi.<\/h2>\n<div class=\"news-detail-container\">\n<div class=\"left-block\">\n<div class=\"wrapper detay-v3_3 haber_metni\">\n<p>Aksaray&#8217;da B\u00fcy\u00fck B\u00f6lcek Mahallesi \u015eehit Mehmet Ali Demir Caddesi&#8217;nde 10 Mart saat 04.00 s\u0131ralar\u0131nda kan donduran bir olay ya\u015fand\u0131.\u00a0Bir lokantada garsonluk yapan ve ayn\u0131 zamanda A\u00e7\u0131k \u00d6\u011fretim Lisesi&#8217;nde e\u011fitimini s\u00fcrd\u00fcren\u00a0Mustafa Ya\u011f\u0131z\u00a0Edik (16), iddiaya g\u00f6re halas\u0131n\u0131n k\u0131z\u0131n\u0131 rahats\u0131z eden \u00e7i\u011f k\u00f6ftecide \u00e7al\u0131\u015fan R.M. (16) ile bulu\u015ftu. \u00c7\u0131kan tart\u0131\u015fmada R.M., Edik&#8217;i b\u0131\u00e7aklayarak \u00f6ld\u00fcrd\u00fc. Olay\u0131n ard\u0131ndan g\u00f6zalt\u0131na al\u0131nan R.M., sevk edildi\u011fi adliyede \u00e7\u0131kar\u0131ld\u0131\u011f\u0131 mahkemede tutukland\u0131.<\/p>\n<p><img decoding=\"async\" src=\"https:\/\/foto.sondakika.com\/haber\/2026\/04\/11\/kuzenini-korumak-isterken-oldu-19738537-9354_1_m.jpg\" alt=\"Kuzenini korumak isterken \u00f6ld\u00fcr\u00fclen 16 ya\u015f\u0131ndaki Mustafa'n\u0131n ailesine kan donduran mesaj\" \/><\/p>\n<h3>&#8220;BU BI\u00c7AKLA \u00d6LECEK&#8221; MESAJI \u0130DD\u0130ASI<\/h3>\n<p>O\u011flu \u00f6ld\u00fcr\u00fclen 2 \u00e7ocuk babas\u0131 Osman Edik, ya\u015fanan s\u00fcreci anlatt\u0131. Edik, \u015fu ifadeleri kulland\u0131:<\/p>\n<p>&#8220;Olay g\u00fcn\u00fc saatler \u00f6ncesi o\u011flum evde iken, kuzeni o\u011fluma mesaj at\u0131yor. Mesajda &#8216;Abi bu foto\u011fraftakini tan\u0131yor musun? Beni rahats\u0131z ediyor&#8217; diyor. Mustafa Ya\u011f\u0131z da kuzenine, &#8216;Ben hallederim diye&#8217; mesaja cevap veriyor. Daha sonra annesine durumu anlat\u0131p, evden \u00e7\u0131k\u0131yor. \u0130\u015f yerindeki bir a\u011fabeyini yan\u0131na al\u0131p, halas\u0131n\u0131n k\u0131z\u0131n\u0131 rahats\u0131z eden R.M.&#8217;nin \u00e7al\u0131\u015ft\u0131\u011f\u0131 i\u015f yerine gidiyorlar. Orada, i\u015f yerinin sahibi ve o \u00e7ocukla g\u00f6r\u00fc\u015f\u00fcp, olaya tatl\u0131ya ba\u011flay\u0131p, ayr\u0131l\u0131yorlar. Olay ramazan ay\u0131nda ger\u00e7ekle\u015fti\u011fi i\u00e7in o\u011flumun \u00e7al\u0131\u015ft\u0131\u011f\u0131 lokanta sahura kadar a\u00e7\u0131kt\u0131. O\u011flum da yan\u0131nda ki\u015fiyle birlikte lokantaya gidiyor. Saat 03.40 s\u0131ralar\u0131na e\u015fim, o\u011flumu ar\u0131yor, eve ne zaman gelece\u011fini soruyor, sahur yeme\u011fini haz\u0131rlad\u0131\u011f\u0131n\u0131 belirtiyor. O\u011flum da &#8216;Anne ben de i\u015ften \u00e7\u0131k\u0131yorum, geliyorum&#8217; diyor. Tam i\u015ften \u00e7\u0131karken R.M. adl\u0131 \u00e7ocuk, cep telefonundan g\u00f6r\u00fcnt\u00fcl\u00fc ar\u0131yor, k\u00fcf\u00fcr ve hakaretlerde bulunuyor. Bunun \u00fczerine o\u011flum \u00e7ok sinirleniyor ve i\u015f yerinde arkada\u015flar\u0131 sakinle\u015ftiriyor. Sonra yan\u0131ndaki M.A.Y. adl\u0131 arkada\u015f\u0131yla, R.M.&#8217;nin bulundu\u011fu yere konu\u015fmak i\u00e7in gidiyorlar. Sonra da orada o\u011flum \u00f6ld\u00fcr\u00fcl\u00fcyor.&#8221;<\/p>\n<p>Osman Edik, olay g\u00fcn\u00fc gece saatlerinde R.M.&#8217;nin, G.Y. adl\u0131 bir k\u0131za &#8220;Mustafa Ya\u011f\u0131z Edik bu gece, bu b\u0131\u00e7akla \u00f6lecek&#8221; diye mesaj g\u00f6nderdi\u011fini ve bu durumu da ara\u015ft\u0131r\u0131lmas\u0131 i\u00e7in polise bildirdiklerini s\u00f6yledi.<\/p>\n<p><img decoding=\"async\" src=\"https:\/\/foto.sondakika.com\/haber\/2026\/04\/11\/kuzenini-korumak-isterken-oldu-19738537-7538_2_m.jpg\" alt=\"Kuzenini korumak isterken \u00f6ld\u00fcr\u00fclen 16 ya\u015f\u0131ndaki Mustafa'n\u0131n ailesine kan donduran mesaj\" \/><\/p>\n<h3>&#8220;B\u0130R\u0130N\u0130 \u00d6LD\u00dcREB\u0130L\u0130YORSA, O K\u0130\u015e\u0130 \u00c7OCUK DE\u011e\u0130LD\u0130R&#8221;<\/h3>\n<p>O\u011flu ve \u00f6ld\u00fcren ki\u015finin daha 16 ya\u015flar\u0131nda oldu\u011funu belirten Edik, &#8220;R.M. adl\u0131 \u00e7ocu\u011fu, o\u011flum hi\u00e7 tan\u0131m\u0131yor. O gece ne oldu da b\u00f6yle bir olay ya\u015fand\u0131, biz merak ediyoruz. Ailecek sabahlara kadar yatam\u0131yoruz. Sonu\u00e7ta bu bizim evlad\u0131m\u0131z. Hem Aksaray&#8217;da hem T\u00fcrkiye&#8217;de, \u00e7ocuk ya\u015ftaki su\u00e7lu belli bir y\u0131l ceza al\u0131r, ondan sonra da b\u0131rak\u0131l\u0131r alg\u0131s\u0131 var. Bu konuda bir yasa \u00e7\u0131kart\u0131lmas\u0131 gerekiyor. Bir ki\u015fi, birini \u00f6ld\u00fcrebiliyorsa, o ki\u015fi \u00e7ocuk de\u011fildir. Bu cani ve katildir. Bile isteye \u00f6ld\u00fcrm\u00fc\u015ft\u00fcr. O gece G.Y. adl\u0131 k\u0131za att\u0131\u011f\u0131 sesli mesajda, &#8216;Tek at\u0131\u015fla kalbinden \u00f6ld\u00fc&#8217; diyor. Bu k\u0131z hakk\u0131nda da t\u00fcm incelemenin yap\u0131lmas\u0131n\u0131 istiyoruz. Benim o\u011flumun katili ve dahli olanlar bir an \u00f6nce yakalan\u0131p adalet \u00f6n\u00fcnde hesap vermeli. Bizim derdimiz, ba\u015fka Mustafalar \u00f6lmesin. \u00c7ok a\u011f\u0131r bir \u015fey, Rabbim kimseye ya\u015fatmas\u0131n. Devletime g\u00fcveniyorum. \u00d6ld\u00fcren de olaya dahli olan da en a\u011f\u0131r ceza neyse almal\u0131d\u0131r.&#8221; dedi.<\/p>\n<h3>CENAZEDE &#8220;CEHENNEM\u0130 YA\u015eATIRIZ&#8221; TEHD\u0130D\u0130<\/h3>\n<p>Edik, \u015fikayetten vazge\u00e7meleri i\u00e7in tehdit mesaj\u0131 ald\u0131klar\u0131n\u0131 \u00f6ne s\u00fcrerek, &#8220;Cenazemizin ilk g\u00fcn\u00fc e\u015fimin cep telefonuna mesaj geldi. &#8216;Mustafa Edik&#8217;i \u00f6ld\u00fcren ki\u015finin arkada\u015f\u0131y\u0131z. \u015eikayetinizi geri \u00e7ekmezseniz, sizin hi\u00e7 akl\u0131n\u0131za ya da hayalinize gelmez \u015feyler yapar, size cehennemi ya\u015fat\u0131r\u0131z&#8217; yaz\u0131l\u0131yd\u0131. Biz, durumu polise bildirdik. Mesaj yurt d\u0131\u015f\u0131ndaki bir telefon numaras\u0131ndan at\u0131lm\u0131\u015f. Ac\u0131m\u0131z\u0131n yan\u0131nda bir de bunla u\u011fra\u015ft\u0131k. Biz her \u015feyi adaletle \u00e7\u00f6zme taraftar\u0131y\u0131z. Devletimize g\u00fcveniyoruz. Savc\u0131lar\u0131m\u0131za g\u00fcveniyoruz. En h\u0131zl\u0131 \u015fekilde adaletin tecelli etmesini bekliyoruz&#8221; diye konu\u015ftu.<\/p>\n<\/div>\n<\/div>\n<\/div>\n","protected":false},"excerpt":{"rendered":"<p>Aksaray&#8217;da halas\u0131n\u0131n k\u0131z\u0131n\u0131 rahats\u0131z eden akran\u0131 taraf\u0131ndan b\u0131\u00e7aklanarak \u00f6ld\u00fcr\u00fclen 16 ya\u015f\u0131ndaki Mustafa Ya\u011f\u0131z Edik cinayetine ili\u015fkin kan donduran detaylar ortaya \u00e7\u0131kt\u0131. O\u011flunun katili tan\u0131mad\u0131\u011f\u0131n\u0131 belirten ac\u0131l\u0131 baba, cenazenin ilk g\u00fcn\u00fc e\u015finin telefonuna &#8220;Mustafa Edik&#8217;i \u00f6ld\u00fcrenin arkada\u015f\u0131y\u0131z. \u015eikayetinizi geri \u00e7ekmezseniz, sizin hi\u00e7 akl\u0131n\u0131za ya da hayalinize gelmez \u015feyler yapar, size cehennemi ya\u015fat\u0131r\u0131z&#8221; yaz\u0131l\u0131 mesaj geldi\u011fini s\u00f6yledi. [&hellip;]<\/p>\n","protected":false},"author":1,"featured_media":3244,"comment_status":"closed","ping_status":"closed","sticky":false,"template":"","format":"standard","meta":{"footnotes":""},"categories":[7,39],"tags":[386,380,585],"class_list":["post-3243","post","type-post","status-publish","format-standard","has-post-thumbnail","hentry","category-gundem","category-haber","tag-aksaray","tag-tutuklanma","tag-sikayet"],"_links":{"self":[{"href":"https:\/\/avukatimtv.com\/index.php\/wp-json\/wp\/v2\/posts\/3243","targetHints":{"allow":["GET"]}}],"collection":[{"href":"https:\/\/avukatimtv.com\/index.php\/wp-json\/wp\/v2\/posts"}],"about":[{"href":"https:\/\/avukatimtv.com\/index.php\/wp-json\/wp\/v2\/types\/post"}],"author":[{"embeddable":true,"href":"https:\/\/avukatimtv.com\/index.php\/wp-json\/wp\/v2\/users\/1"}],"replies":[{"embeddable":true,"href":"https:\/\/avukatimtv.com\/index.php\/wp-json\/wp\/v2\/comments?post=3243"}],"version-history":[{"count":1,"href":"https:\/\/avukatimtv.com\/index.php\/wp-json\/wp\/v2\/posts\/3243\/revisions"}],"predecessor-version":[{"id":3245,"href":"https:\/\/avukatimtv.com\/index.php\/wp-json\/wp\/v2\/posts\/3243\/revisions\/3245"}],"wp:featuredmedia":[{"embeddable":true,"href":"https:\/\/avukatimtv.com\/index.php\/wp-json\/wp\/v2\/media\/3244"}],"wp:attachment":[{"href":"https:\/\/avukatimtv.com\/index.php\/wp-json\/wp\/v2\/media?parent=3243"}],"wp:term":[{"taxonomy":"category","embeddable":true,"href":"https:\/\/avukatimtv.com\/index.php\/wp-json\/wp\/v2\/categories?post=3243"},{"taxonomy":"post_tag","embeddable":true,"href":"https:\/\/avukatimtv.com\/index.php\/wp-json\/wp\/v2\/tags?post=3243"}],"curies":[{"name":"wp","href":"https:\/\/api.w.org\/{rel}","templated":true}]}}