{"id":3246,"date":"2026-04-15T17:57:11","date_gmt":"2026-04-15T14:57:11","guid":{"rendered":"https:\/\/avukatimtv.com\/?p=3246"},"modified":"2026-04-15T17:57:11","modified_gmt":"2026-04-15T14:57:11","slug":"kahramanmarasta-okulda-silahli-saldiri","status":"publish","type":"post","link":"https:\/\/avukatimtv.com\/index.php\/2026\/04\/15\/kahramanmarasta-okulda-silahli-saldiri\/","title":{"rendered":"Kahramanmara\u015f&#8217;ta okulda silahl\u0131 sald\u0131r\u0131"},"content":{"rendered":"<h2 class=\"news-spot\">Kahramanmara\u015f&#8217;taki Aysel \u00c7al\u0131k Ortaokulunda d\u00fczenlenen silahl\u0131 sald\u0131r\u0131da, ilk belirlemelere g\u00f6re 1&#8217;i \u00f6\u011fretmen 8&#8217;\u00fc \u00f6\u011frenci olmak \u00fczere 9 ki\u015fi hayat\u0131n\u0131 kaybetti, 3&#8217;\u00fc a\u011f\u0131r, 13 ki\u015fi yaraland\u0131.<\/h2>\n<p>D\u00fcn \u015eanl\u0131urfa&#8217;n\u0131n Siverek il\u00e7esinde bir okula d\u00fczenlenen silahl\u0131 sald\u0131r\u0131n\u0131n \u015foku s\u00fcrerken, bug\u00fcn benzer bir haber Kahramanmara\u015f&#8217;tan geldi. Aysel \u00c7al\u0131k Ortaokulu&#8217;nda silahl\u0131 sald\u0131r\u0131 ger\u00e7ekle\u015ftirildi.<\/p>\n<p>Vali \u00dcnl\u00fcer, \u00a0yapt\u0131\u011f\u0131 a\u00e7\u0131klamada, Ayser \u00c7al\u0131k Ortaokulu&#8217;nda hen\u00fcz bilinmeyen nedenle silahl\u0131 sald\u0131r\u0131 oldu\u011funu s\u00f6yledi.<\/p>\n<p><img decoding=\"async\" src=\"https:\/\/www.trthaber.com\/dosyalar\/images\/aa_picture_20260415_41112391.jpg\" alt=\"Kahramanmara\u015f'ta okulda silahl\u0131 sald\u0131r\u0131\" \/><\/p>\n<p>Olay\u0131n \u00e7ok taze oldu\u011funu belirten \u00dcnl\u00fcer, &#8220;\u015eu an bir sald\u0131r\u0131 var. Bir okulumuzda \u00fcz\u00fcc\u00fc bir olay ya\u015fand\u0131. Yaral\u0131lar\u0131m\u0131z\u0131n oldu\u011fu bilgisi bize ula\u015ft\u0131. Konuyu derinlemesine ara\u015ft\u0131r\u0131yoruz.&#8221; diye konu\u015ftu.<\/p>\n<h2>Bakanlar \u00c7ift\u00e7i, Tekin ve Memi\u015fo\u011flu, Kahramanmara\u015f&#8217;a gidiyor<\/h2>\n<p>\u0130\u00e7i\u015fleri Bakan\u0131 Mustafa \u00c7ift\u00e7i, Milli E\u011fitim Bakan\u0131 Yusuf Tekin ve Sa\u011fl\u0131k Bakan\u0131 Kemal Memi\u015fo\u011flu, Kahramanmara\u015f&#8217;ta bir okulda meydana gelen silahl\u0131 sald\u0131r\u0131 sonras\u0131 olay yerine ge\u00e7iyor.<\/p>\n<p>Bakanlar \u00c7ift\u00e7i, Tekin ve Memi\u015fo\u011flu&#8217;nun, Kahramanmara\u015f&#8217;taki Ayser \u00c7al\u0131k Ortaokulunda meydana gelen silahl\u0131 sald\u0131r\u0131 nedeniyle b\u00f6lgeye gittikleri belirtildi.<\/p>\n<p>&nbsp;<\/p>\n<p><img decoding=\"async\" src=\"https:\/\/www.trthaber.com\/dosyalar\/images\/aa_picture_20260415_41112372.jpg\" alt=\"Kahramanmara\u015f'ta okulda silahl\u0131 sald\u0131r\u0131\" \/><\/p>\n<h2>Veliler okula ko\u015ftu<\/h2>\n<p>Silahl\u0131 sald\u0131r\u0131 haberinin duyulmas\u0131n\u0131n hemen ard\u0131ndan \u00f6\u011frencilerin aileleri, \u00e7ocuklar\u0131n\u0131n sa\u011fl\u0131k durumu ve olay\u0131n detaylar\u0131 hakk\u0131nda bilgi almak i\u00e7in okula ko\u015ftu.<\/p>\n<p>G\u00fcvenlik g\u00fc\u00e7leri, okul \u00e7evresinde geni\u015f g\u00fcvenlik \u00f6nlemleri ald\u0131.<\/p>\n<h2>Olayla ilgili soru\u015fturma ba\u015flat\u0131ld\u0131<\/h2>\n<p>Adalet Bakan\u0131 Ak\u0131n G\u00fcrlek, silahl\u0131 sald\u0131r\u0131ya ili\u015fkin ba\u015flat\u0131lan geni\u015f \u00e7apl\u0131 soru\u015fturmada 7 savc\u0131n\u0131n g\u00f6revlendirildi\u011fini ve olayla ilgili yay\u0131n yasa\u011f\u0131 karar\u0131 al\u0131nd\u0131\u011f\u0131n\u0131 bildirdi.<\/p>\n<p>Olay\u0131n hemen ard\u0131ndan Kahramanmara\u015f Cumhuriyet Ba\u015fsavc\u0131l\u0131\u011f\u0131nca derhal soru\u015fturma ba\u015flat\u0131ld\u0131\u011f\u0131n\u0131 belirten G\u00fcrlek, s\u00fcrecin etkin ve h\u0131zl\u0131 bir \u015fekilde y\u00fcr\u00fct\u00fclmesi amac\u0131yla 3 Cumhuriyet Ba\u015fsavc\u0131 Vekili ile 4 Cumhuriyet Savc\u0131s\u0131n\u0131n g\u00f6revlendirildi\u011fini kaydetti.<\/p>\n<h2>Ba\u015fsavc\u0131 ve savc\u0131lar olay yerinde<\/h2>\n<p>Bakan G\u00fcrlek, Kahramanmara\u015f Cumhuriyet Ba\u015fsavc\u0131s\u0131 ile g\u00f6revlendirilen savc\u0131lar\u0131n an itibar\u0131yla olay yerinde incelemelerini s\u00fcrd\u00fcrd\u00fc\u011f\u00fcn\u00fc aktararak, s\u00fcrecin hassasiyetine dikkati \u00e7ekti.<\/p>\n<p>Soru\u015fturman\u0131n sa\u011fl\u0131kl\u0131 bir \u015fekilde y\u00fcr\u00fct\u00fclebilmesi i\u00e7in yay\u0131n yasa\u011f\u0131 karar\u0131 al\u0131nd\u0131\u011f\u0131n\u0131 duyuran G\u00fcrlek, \u015funlar\u0131 kaydetti;<\/p>\n<p>Soru\u015fturman\u0131n selameti a\u00e7\u0131s\u0131ndan yay\u0131n yasa\u011f\u0131 karar\u0131 al\u0131nm\u0131\u015f olup, bas\u0131n kurulu\u015flar\u0131m\u0131z\u0131n soru\u015fturman\u0131n gizlili\u011fine hassasiyetle riayet etmesi \u00f6nem arz etmektedir. Soru\u015fturman\u0131n t\u00fcm a\u015famalar\u0131na ili\u015fkin gerekli bilgilendirmeler yetkili makamlarca yap\u0131lacakt\u0131r.<\/p>\n<p><img decoding=\"async\" src=\"https:\/\/www.trthaber.com\/dosyalar\/images\/KAHRAMANMARAS%C2%92TA-OKULA-SILAHLI-SALDIRI_375528_media2.jpg\" alt=\"Kahramanmara\u015f'ta okulda silahl\u0131 sald\u0131r\u0131\" \/><\/p>\n<p>&nbsp;<\/p>\n<h2>&#8220;1 \u00f6\u011fretmen ve 3 \u00f6\u011frencimiz hayat\u0131n\u0131 kaybetti&#8221;<\/h2>\n<p>Kahramanmara\u015f Valisi \u00dcnl\u00fcer, okulda d\u00fczenlenen silahl\u0131 sald\u0131r\u0131da 1 \u00f6\u011fretmen ve 3 \u00f6\u011frencinin ya\u015fam\u0131n\u0131 yitirdi\u011fini, 20 ki\u015finin ise yaraland\u0131\u011f\u0131n\u0131 a\u00e7\u0131klad\u0131.<\/p>\n<p>Olay yerinde incelemelerde bulunan Vali \u00dcnl\u00fcer, bas\u0131n mensuplar\u0131na yapt\u0131\u011f\u0131 a\u00e7\u0131klamada, sald\u0131rgan\u0131n 5. s\u0131n\u0131f \u00f6\u011frencilerinin bulundu\u011fu iki ayr\u0131 s\u0131n\u0131fa girerek ate\u015f a\u00e7t\u0131\u011f\u0131n\u0131 belirtti.<\/p>\n<p>Sald\u0131r\u0131ya ili\u015fkin bilgi veren \u00dcnl\u00fcer, &#8220;\u015eu ana kadarki yapt\u0131\u011f\u0131m\u0131z \u00e7al\u0131\u015fmalarda maalesef 4 vefat\u0131m\u0131z var. Bunlardan bir tanesi \u00f6\u011fretmen, \u00fc\u00e7 tanesi \u00f6\u011frencimizdir. Ayr\u0131ca 20 yaral\u0131m\u0131z bulunuyor. Yaral\u0131lar\u0131m\u0131zdan 4&#8217;\u00fc \u015fu anda ameliyatta ve durumlar\u0131n\u0131n a\u011f\u0131r oldu\u011funu de\u011ferlendiriyoruz.&#8221; ifadelerini kulland\u0131.<\/p>\n<h2>&#8220;Sald\u0131r\u0131 sadece bu okula \u00f6zg\u00fcd\u00fcr&#8221;<\/h2>\n<p>Sosyal medyada yay\u0131lan &#8220;ba\u015fka okullarda da sald\u0131r\u0131 oldu\u011fu&#8221; y\u00f6n\u00fcndeki iddialar\u0131n ger\u00e7e\u011fi yans\u0131tmad\u0131\u011f\u0131n\u0131 vurgulayan \u00dcnl\u00fcer, \u015f\u00f6yle devam etti;<\/p>\n<p>Herhangi bir ba\u015fka okulumuzda bu t\u00fcr bir sald\u0131r\u0131 yoktur. Sosyal medyada bu y\u00f6nde as\u0131ls\u0131z haberler dola\u015fmaktad\u0131r. Bu, sadece buraya (Aysel \u00c7al\u0131k Ortaokulu) \u00f6zg\u00fc bir sald\u0131r\u0131d\u0131r. Ekiplerimizin \u00e7al\u0131\u015fmalar\u0131 titizlikle devam ediyor. \u00dcmit ediyoruz ki yaral\u0131 karde\u015flerimiz bir an \u00f6nce sa\u011fl\u0131klar\u0131na kavu\u015furlar.&#8221;<br \/>\nVali \u00dcnl\u00fcer, olayla ilgili adli s\u00fcrecin Kahramanmara\u015f Cumhuriyet Ba\u015fsavc\u0131l\u0131\u011f\u0131 koordinesinde s\u00fcrd\u00fcr\u00fcld\u00fc\u011f\u00fcn\u00fc s\u00f6zlerine ekledi.<\/p>\n<p>\u00dcnl\u00fcer, ayr\u0131ca sald\u0131rgan\u0131n da \u00f6ld\u00fc\u011f\u00fcn\u00fc belirterek, &#8220;O karma\u015fa an\u0131nda kendisine ate\u015f ederek \u00f6ld\u00fcrd\u00fc. \u0130ntihar amac\u0131yla m\u0131 yapt\u0131 yoksa o karma\u015fada m\u0131 ama kendisi de \u00f6ld\u00fc, \u015fu anda o da \u00f6l\u00fc. Sald\u0131rgan, 8. s\u0131n\u0131f \u00f6\u011frencisi. Okulumuzun \u00f6\u011frencisi. Babas\u0131 eski bir emniyet\u00e7i. Onun silahlar\u0131n\u0131 ald\u0131\u011f\u0131n\u0131 tahmin ediyoruz. Sald\u0131r\u0131 iki s\u0131n\u0131fta ger\u00e7ekle\u015fmi\u015f.&#8221; ifadelerini kulland\u0131.<\/p>\n<h2>&#8220;T\u00fcm boyutlar\u0131yla inceliyoruz&#8221;<\/h2>\n<p>Kahramanmara\u015f Cumhuriyet Ba\u015fsavc\u0131s\u0131 Ramazan Murat Tiryaki de herkese ba\u015fsa\u011fl\u0131\u011f\u0131 dileyerek, &#8220;Olay\u0131n adli mercilerimize ula\u015fmas\u0131 \u00fczerine ben, 3 ba\u015fsavc\u0131 vekili ve 6 cumhuriyet savc\u0131s\u0131yla soru\u015fturmay\u0131 ba\u015flatt\u0131k. Arkada\u015flar\u0131m\u0131z\u0131n \u015fu an itibar\u0131yla incelemeleri devam ediyor. T\u00fcm boyutlar\u0131yla inceliyoruz. 20 yaral\u0131m\u0131z var. \u015eu anda sadece failin cenazesi okulda. Adli t\u0131p uzmanlar\u0131m\u0131z geliyor. Arkada\u015flar\u0131m\u0131z konuyu y\u00fcr\u00fct\u00fcyor.&#8221; dedi.<\/p>\n<h2>8 m\u00fcfetti\u015f g\u00f6revlendirildi<\/h2>\n<p>\u0130\u00e7i\u015fleri Bakan\u0131 Mustafa \u00c7ift\u00e7i, Kahramanmara\u015f&#8217;ta okuldaki silahl\u0131 sald\u0131r\u0131ya ili\u015fkin 4 m\u00fclkiye ba\u015fm\u00fcfetti\u015fi ve 4 polis ba\u015fm\u00fcfetti\u015fi g\u00f6revlendirdi.<\/p>\n<p>\u0130\u00e7i\u015fleri Bakanl\u0131\u011f\u0131n\u0131n sosyal medya hesab\u0131ndan yap\u0131lan a\u00e7\u0131klamada, Kahramanmara\u015f&#8217;ta Ayser \u00c7al\u0131k Ortaokulu&#8217;ndaki silahl\u0131 sald\u0131r\u0131ya ili\u015fkin Bakan \u00c7ift\u00e7i taraf\u0131ndan olay\u0131n t\u00fcm y\u00f6nleriyle ara\u015ft\u0131r\u0131lmas\u0131 amac\u0131yla 4 m\u00fclkiye ba\u015fm\u00fcfetti\u015fi ile 4 polis ba\u015fm\u00fcfetti\u015finin g\u00f6revlendirildi\u011fi ifade edildi.<\/p>\n<p>\u00c7ift\u00e7i&#8217;nin olay yerine ivedilikle hareket etti\u011fi bildirilen a\u00e7\u0131klamada, \u015funlar kaydedildi:<\/p>\n<p>&#8220;Cumhuriyet Ba\u015fsavc\u0131l\u0131\u011f\u0131m\u0131z koordinesinde g\u00f6revlendirilen cumhuriyet savc\u0131lar\u0131m\u0131z olay yerinde incelemelerini s\u00fcrd\u00fcrmektedir. Soru\u015fturman\u0131n selameti ve sa\u011fl\u0131kl\u0131 bir \u015fekilde y\u00fcr\u00fct\u00fclebilmesi amac\u0131yla yay\u0131n yasa\u011f\u0131 karar\u0131 al\u0131nm\u0131\u015ft\u0131r. Bu kapsamda, bas\u0131n ve yay\u0131n kurulu\u015flar\u0131m\u0131z\u0131n soru\u015fturman\u0131n gizlili\u011fine hassasiyetle riayet etmeleri b\u00fcy\u00fck \u00f6nem arz etmektedir. Hayat\u0131n\u0131 kaybeden vatanda\u015flar\u0131m\u0131za Allah&#8217;tan rahmet, kederli ailelerine ba\u015fsa\u011fl\u0131\u011f\u0131, yaralanan vatanda\u015flar\u0131m\u0131za acil \u015fifalar diliyoruz. Soru\u015fturman\u0131n t\u00fcm a\u015famalar\u0131na ili\u015fkin gerekli bilgilendirmeler yetkili makamlarca yap\u0131lacakt\u0131r.&#8221;<\/p>\n<h2>Sald\u0131rgan\u0131n babas\u0131 g\u00f6zalt\u0131na al\u0131nd\u0131<\/h2>\n<p>Okula silahl\u0131 sald\u0131r\u0131y\u0131 ger\u00e7ekle\u015ftiren \u0130sa Aras Mersinli&#8217;nin babas\u0131 U\u011fur Mersinli g\u00f6zalt\u0131na al\u0131nd\u0131.<br \/>\n<img decoding=\"async\" src=\"https:\/\/www.trthaber.com\/dosyalar\/images\/thumbs_b_c_dbd2aa8de8c9454f9ebc0ba3ab048cd5.jpg\" alt=\"Kahramanmara\u015f'ta okulda silahl\u0131 sald\u0131r\u0131\" \/><\/p>\n<h2>TBMM Ba\u015fkan\u0131 Kurtulmu\u015f: Milletimizin ba\u015f\u0131 sa\u011f olsun<\/h2>\n<p>T\u00fcrkiye B\u00fcy\u00fck Millet Meclisi (TBMM) Ba\u015fkan\u0131 Numan Kurtulmu\u015f, Parlamentolar Aras\u0131 Birlik (PAB) 152&#8217;nci Genel Kurulu&#8217;nun d\u00fczenlendi\u011fi Hilton \u0130stanbul Bomonti Otel ve Konferans Merkezi&#8217;nde sald\u0131r\u0131ya ili\u015fkin a\u00e7\u0131klamalarda bulundu.<\/p>\n<p>Ba\u015far\u0131yla s\u00fcrd\u00fcrd\u00fckleri organizasyonda \u00fcz\u00fcc\u00fc bir haber ald\u0131klar\u0131n\u0131 dile getiren Kurtulmu\u015f, &#8220;B\u00f6ylesine ba\u015far\u0131l\u0131 bir organizasyonu ger\u00e7ekle\u015ftirirken maalesef bug\u00fcn Kahramanmara\u015f&#8217;ta bir okulda son derece ac\u0131, son derece \u00fcz\u00fcnt\u00fcl\u00fc bir olay\u0131n haberini ald\u0131k. Hakikaten i\u00e7imiz kan a\u011fl\u0131yor, ger\u00e7ekten b\u00fcy\u00fck ve derin bir ac\u0131 i\u00e7erisindeyiz. Milletimizin ba\u015f\u0131 sa\u011f olsun. 3 \u00f6\u011frenci evlad\u0131m\u0131z, 1 \u00f6\u011fretmen arkada\u015f\u0131m\u0131z bu sald\u0131r\u0131da vefat ettiler. Allah rahmet eylesin. Masum ufac\u0131k \u00e7ocuklar vefat etmi\u015f oldu.&#8221; ifadesini kulland\u0131.<\/p>\n<p>\u201cBu olay\u0131n arkas\u0131ndaki ger\u00e7ek nedir, katilin temel motivasyonlar\u0131 nelerdir, bunlar da ortaya \u00e7\u0131kar\u0131lacakt\u0131r. Kahramanmara\u015f savc\u0131l\u0131\u011f\u0131n\u0131n \u00e7ok geni\u015f bir savc\u0131 ve savc\u0131 vekili heyetiyle birlikte soru\u015fturmaya hemen ba\u015flad\u0131\u011f\u0131n\u0131 biliyoruz. Milletimizin ba\u015f\u0131 sa\u011f olsun, b\u00fct\u00fcn evlatlar\u0131m\u0131za, \u00f6\u011frencilerimize, e\u011fitim camiam\u0131za ba\u015fsa\u011fl\u0131\u011f\u0131 diliyorum. Ger\u00e7ekten a\u011f\u0131r ve zor bir s\u0131navla kar\u015f\u0131 kar\u015f\u0131yay\u0131z. \u00dcmit ederim ki olay\u0131n t\u00fcm ger\u00e7ekli\u011fi, b\u00fct\u00fcn \u00e7\u0131plakl\u0131\u011f\u0131yla ortaya \u00e7\u0131kar\u0131l\u0131r.\u201d<\/p>\n<h2>Cumhurba\u015fkan\u0131 Yard\u0131mc\u0131s\u0131 Y\u0131lmaz: Hayat\u0131n\u0131 kaybedenlere Allah&#8217;tan rahmet, yaral\u0131lar\u0131m\u0131za acil \u015fifalar diliyorum<\/h2>\n<p>Cumhurba\u015fkan\u0131 Yard\u0131mc\u0131s\u0131 Cevdet Y\u0131lmaz, NSosyal hesab\u0131ndan yapt\u0131\u011f\u0131 a\u00e7\u0131klamada, Kahramanmara\u015f&#8217;ta bir okulda meydana gelen sald\u0131r\u0131 elim hadisesini \u00fcz\u00fcnt\u00fcyle \u00f6\u011frendi\u011fini belirtti.<\/p>\n<p>Cevdet Y\u0131lmaz, \u015funlar\u0131 kaydetti:<\/p>\n<p>\u201c\u0130\u00e7i\u015fleri, Adalet ve Milli E\u011fitim Bakanl\u0131klar\u0131m\u0131z ba\u015fta olmak \u00fczere ilgili t\u00fcm kurumlar\u0131m\u0131z olay\u0131n t\u00fcm y\u00f6nleri ile ayd\u0131nlat\u0131lmas\u0131 i\u00e7in \u00e7ok y\u00f6nl\u00fc inceleme ve soru\u015fturmalar\u0131 derhal ba\u015flatm\u0131\u015flard\u0131r. Bu elim hadisede hayat\u0131n\u0131 kaybeden \u00f6\u011fretmenimiz ve \u00f6\u011frencilerimize Allah&#8217;tan rahmet, yak\u0131nlar\u0131na ba\u015fsa\u011fl\u0131\u011f\u0131, yaral\u0131lar\u0131m\u0131za acil \u015fifalar diliyorum.\u201d<\/p>\n<p>\u0130leti\u015fim Ba\u015fkan\u0131 Duran: Olay\u0131n t\u00fcm boyutlar\u0131 ilgili kurumlar\u0131m\u0131z taraf\u0131ndan titizlikle incelenmektedir<\/p>\n<p>Cumhurba\u015fkanl\u0131\u011f\u0131 \u0130leti\u015fim Ba\u015fkan\u0131 Burhanettin Duran, NSosyal hesab\u0131ndan yapt\u0131\u011f\u0131 a\u00e7\u0131klamada, Kahramanmara\u015f&#8217;ta bir okulda meydana gelen sald\u0131r\u0131 hadisesinin herkesi derinden \u00fczd\u00fc\u011f\u00fcn\u00fc belirtti.<\/p>\n<p>Burhanettin Duran, \u015funlar\u0131 kaydetti:<\/p>\n<p>&#8220;Olay\u0131n t\u00fcm boyutlar\u0131 ilgili kurumlar\u0131m\u0131z taraf\u0131ndan titizlikle incelenmekte olup, s\u00fcrece dair gerekli t\u00fcm ad\u0131mlar at\u0131lmaktad\u0131r. G\u00fcvenlik, sa\u011fl\u0131k ve e\u011fitim birimlerimiz sahada aktif \u015fekilde g\u00f6rev yapmakta, s\u00fcrecin her a\u015famas\u0131 e\u015f g\u00fcd\u00fcm i\u00e7erisinde y\u00f6netilmektedir. Bu t\u00fcr olaylar kar\u015f\u0131s\u0131nda toplumumuzun sa\u011fduyu ile hareket etmesi, pani\u011fe kap\u0131lmamas\u0131 b\u00fcy\u00fck \u00f6nem arz etmektedir. Olay\u0131n do\u011frudan \u00e7ocuklar\u0131m\u0131z\u0131 ve ailelerimizi ilgilendiren bir boyutu bulunmas\u0131 nedeniyle, ba\u015fta geleneksel ve dijital medya mecralar\u0131nda olmak \u00fczere, kullan\u0131lan dil ve s\u00f6ylemlerde azami \u00f6zen g\u00f6sterilmelidir. Travmatik etkileri art\u0131rabilecek, korku ve kayg\u0131y\u0131 derinle\u015ftirebilecek ifadelerden ka\u00e7\u0131n\u0131lmas\u0131, \u00e7ocuklar\u0131m\u0131z\u0131n psikolojik g\u00fcvenli\u011finin korunmas\u0131 a\u00e7\u0131s\u0131ndan kritik bir sorumluluktur.&#8221;<\/p>\n<h2>Bakan Memi\u015fo\u011flu: Yaral\u0131lar\u0131m\u0131z\u0131n tedavileri hastanelerimizde devam etmektedir<\/h2>\n<p>Sa\u011fl\u0131k Bakan\u0131 Kemal Memi\u015fo\u011flu, NSosyal hesab\u0131ndan yapt\u0131\u011f\u0131 payla\u015f\u0131mda, \u015funlar\u0131 kaydetti:<\/p>\n<p>\u201cKahramanmara\u015f&#8217;ta bir okulda meydana gelen silahl\u0131 sald\u0131r\u0131da hayat\u0131n\u0131 kaybeden vatanda\u015flar\u0131m\u0131za Allah&#8217;tan rahmet, kederli ailelerine sab\u0131r diliyorum. Yaral\u0131lar\u0131m\u0131z\u0131n tedavileri hastanelerimizde devam etmektedir, durumlar\u0131n\u0131 yak\u0131ndan takip ediyoruz. Olaydan etkilenen t\u00fcm vatanda\u015flar\u0131m\u0131za ge\u00e7mi\u015f olsun dileklerimi iletiyorum. Milletimizin ba\u015f\u0131 sa\u011f olsun.\u201d<\/p>\n<h2>Bakan G\u00f6kta\u015f: Bakanl\u0131k olarak tedavisi devam eden evlatlar\u0131m\u0131z\u0131n ve ailelerimizin yan\u0131nday\u0131z<\/h2>\n<p>Aile ve Sosyal Hizmetler Bakan\u0131 Mahinur \u00d6zdemir G\u00f6kta\u015f, NSosyal hesab\u0131ndan yapt\u0131\u011f\u0131 a\u00e7\u0131klamada, \u015funlar\u0131 kaydetti:<\/p>\n<p>&#8220;Kahramanmara\u015f&#8217;\u0131n Oniki\u015fubat il\u00e7esinde bir ortaokulda ya\u015fanan elim hadisede hayat\u0131n\u0131 kaybeden vatanda\u015flar\u0131m\u0131za Allah&#8217;tan rahmet, ailelerine sab\u0131r diliyorum. Yaralanan \u00f6\u011frencilerimizin ve \u00f6\u011fretmenlerimizin bir an evvel sa\u011fl\u0131klar\u0131na kavu\u015fmalar\u0131n\u0131 temenni ediyorum. Olay\u0131n t\u00fcm y\u00f6nleriyle titizlikle incelendi\u011fini ve s\u00fcrecin ilgili bakanl\u0131klar\u0131m\u0131zca yak\u0131ndan takip edildi\u011fini ifade etmek istiyorum. Bakanl\u0131k olarak, psikososyal destek ekiplerimizle hastanede tedavisi devam eden evlatlar\u0131m\u0131z\u0131n ve ailelerimizin yan\u0131nday\u0131z. \u00dclkemizin ve milletimizin ba\u015f\u0131 sa\u011f olsun.&#8221;<\/p>\n<h2>Yay\u0131n yasa\u011f\u0131 getirildi<\/h2>\n<p>Radyo ve Televizyon \u00dcst Kurulunun (RT\u00dcK) sosyal medya hesab\u0131ndan yap\u0131lan a\u00e7\u0131klamada, \u015funlar kaydedildi:<\/p>\n<p>&#8220;Kahramanmara\u015f 2. Sulh Ceza Hakimli\u011finin 2026\/3569 say\u0131l\u0131 karar\u0131 do\u011frultusunda, Cumhuriyet Ba\u015fsavc\u0131l\u0131\u011f\u0131 taraf\u0131ndan y\u00fcr\u00fct\u00fclen soru\u015fturma kapsam\u0131nda, Kahramanmara\u015f&#8217;ta meydana gelen olay hakk\u0131nda yay\u0131n yasa\u011f\u0131 karar\u0131 verilmi\u015ftir. 6112 say\u0131l\u0131 Kanun ve ilgili mevzuat \u00e7er\u00e7evesinde yay\u0131nc\u0131 kurulu\u015flar\u0131n s\u00f6z konusu mahkeme karar\u0131na hassasiyetle riayet etmeleri \u00f6nemle hat\u0131rlat\u0131l\u0131r.&#8221;<\/p>\n","protected":false},"excerpt":{"rendered":"<p>Kahramanmara\u015f&#8217;taki Aysel \u00c7al\u0131k Ortaokulunda d\u00fczenlenen silahl\u0131 sald\u0131r\u0131da, ilk belirlemelere g\u00f6re 1&#8217;i \u00f6\u011fretmen 8&#8217;\u00fc \u00f6\u011frenci olmak \u00fczere 9 ki\u015fi hayat\u0131n\u0131 kaybetti, 3&#8217;\u00fc a\u011f\u0131r, 13 ki\u015fi yaraland\u0131. D\u00fcn \u015eanl\u0131urfa&#8217;n\u0131n Siverek il\u00e7esinde bir okula d\u00fczenlenen silahl\u0131 sald\u0131r\u0131n\u0131n \u015foku s\u00fcrerken, bug\u00fcn benzer bir haber Kahramanmara\u015f&#8217;tan geldi. Aysel \u00c7al\u0131k Ortaokulu&#8217;nda silahl\u0131 sald\u0131r\u0131 ger\u00e7ekle\u015ftirildi. Vali \u00dcnl\u00fcer, \u00a0yapt\u0131\u011f\u0131 a\u00e7\u0131klamada, Ayser \u00c7al\u0131k Ortaokulu&#8217;nda [&hellip;]<\/p>\n","protected":false},"author":1,"featured_media":3247,"comment_status":"closed","ping_status":"closed","sticky":false,"template":"","format":"standard","meta":{"footnotes":""},"categories":[7,39],"tags":[],"class_list":["post-3246","post","type-post","status-publish","format-standard","has-post-thumbnail","hentry","category-gundem","category-haber"],"_links":{"self":[{"href":"https:\/\/avukatimtv.com\/index.php\/wp-json\/wp\/v2\/posts\/3246","targetHints":{"allow":["GET"]}}],"collection":[{"href":"https:\/\/avukatimtv.com\/index.php\/wp-json\/wp\/v2\/posts"}],"about":[{"href":"https:\/\/avukatimtv.com\/index.php\/wp-json\/wp\/v2\/types\/post"}],"author":[{"embeddable":true,"href":"https:\/\/avukatimtv.com\/index.php\/wp-json\/wp\/v2\/users\/1"}],"replies":[{"embeddable":true,"href":"https:\/\/avukatimtv.com\/index.php\/wp-json\/wp\/v2\/comments?post=3246"}],"version-history":[{"count":1,"href":"https:\/\/avukatimtv.com\/index.php\/wp-json\/wp\/v2\/posts\/3246\/revisions"}],"predecessor-version":[{"id":3248,"href":"https:\/\/avukatimtv.com\/index.php\/wp-json\/wp\/v2\/posts\/3246\/revisions\/3248"}],"wp:featuredmedia":[{"embeddable":true,"href":"https:\/\/avukatimtv.com\/index.php\/wp-json\/wp\/v2\/media\/3247"}],"wp:attachment":[{"href":"https:\/\/avukatimtv.com\/index.php\/wp-json\/wp\/v2\/media?parent=3246"}],"wp:term":[{"taxonomy":"category","embeddable":true,"href":"https:\/\/avukatimtv.com\/index.php\/wp-json\/wp\/v2\/categories?post=3246"},{"taxonomy":"post_tag","embeddable":true,"href":"https:\/\/avukatimtv.com\/index.php\/wp-json\/wp\/v2\/tags?post=3246"}],"curies":[{"name":"wp","href":"https:\/\/api.w.org\/{rel}","templated":true}]}}