{"id":3249,"date":"2026-04-15T18:06:31","date_gmt":"2026-04-15T15:06:31","guid":{"rendered":"https:\/\/avukatimtv.com\/?p=3249"},"modified":"2026-04-15T18:06:31","modified_gmt":"2026-04-15T15:06:31","slug":"gulistan-doku-sorusturmasi-6-yil-sonra-raftan-indi-gizli-tanik-ifade-verdi-arama-calismalari-basladi","status":"publish","type":"post","link":"https:\/\/avukatimtv.com\/index.php\/2026\/04\/15\/gulistan-doku-sorusturmasi-6-yil-sonra-raftan-indi-gizli-tanik-ifade-verdi-arama-calismalari-basladi\/","title":{"rendered":"G\u00fclistan Doku soru\u015fturmas\u0131 6 y\u0131l sonra raftan indi&#8230; Gizli tan\u0131k ifade verdi, arama \u00e7al\u0131\u015fmalar\u0131 ba\u015flad\u0131"},"content":{"rendered":"<div class=\"news-content__inf\">\n<h2>2020 y\u0131l\u0131ndan bu yana kay\u0131p olan G\u00fclistan Doku\u2019ya ili\u015fkin y\u00fcr\u00fct\u00fclen soru\u015fturmas\u0131 6 y\u0131l sonra yeniden tozlu raflardan indi. CNN T\u00fcrk&#8217;ten Merve Tokaz&#8217;\u0131n aktard\u0131\u011f\u0131 bilgilere g\u00f6re soru\u015fturma kapsam\u0131nda ifade veren gizli tan\u0131k, G\u00fclistan Doku&#8217;nun cinayete kurban gitti\u011fini belirtip cenazesinin g\u00f6m\u00fcl\u00fc oldu\u011fu konumla ilgili Pertek&#8217;in Ko\u00e7p\u0131nar k\u00f6y\u00fcn\u00fc i\u015faret etti. K\u00f6yde eski mezarlar dahi detayl\u0131 \u015fekilde aran\u0131yor.<\/h2>\n<\/div>\n<div class=\"news-content readingTime\">\n<p>Tunceli\u2019de 5 Ocak 2020 y\u0131l\u0131ndan bu yana kay\u0131p olarak aranan Munzur \u00dcniversitesi \u00c7ocuk Geli\u015fim B\u00f6l\u00fcm\u00fc 2&#8217;nci s\u0131n\u0131f \u00f6\u011frencisi G\u00fclistan Doku soru\u015fturmas\u0131 kapsam\u0131nda, dosyada cinayet \u015f\u00fcphesi \u00fczerine geni\u015f \u00e7apl\u0131 operasyon ba\u015flat\u0131ld\u0131. Soru\u015fturmay\u0131 y\u00fcr\u00fcten birimlerce \u0130stanbul, Ankara, Bursa, \u0130zmir, Antalya, Elaz\u0131\u011f ve Tunceli\u2019de 13 \u015f\u00fcphelinin yakalanmas\u0131na y\u00f6nelik e\u015f zamanl\u0131 operasyonlar d\u00fczenlendi.<\/p>\n<p>Operasyonda, G\u00fclistan Doku\u2019nun erkek arkada\u015f\u0131 Z.A., onun eski polis olan \u00fcvey babas\u0131 E.Y., annesi C.Y., U.A., E.E., d\u00f6nemin Tunceli Valisi ve halen \u0130\u00e7i\u015fleri Bakanl\u0131\u011f\u0131 m\u00fcfetti\u015fi olan Tuncay Sonel\u2019in o\u011flu M.T.S., G.E.,\u2060 \u2060S.G., \u2060S.\u00d6., \u2060C.A., \u2060N.A., g\u00f6zalt\u0131na al\u0131nd\u0131. \u015e\u00fcphelilerin yakalanmas\u0131na y\u00f6nelik \u00e7al\u0131\u015fmalar\u0131n devam etti\u011fi, g\u00f6zalt\u0131 i\u015flemlerinin s\u00fcrd\u00fc\u011f\u00fc kaydedildi.<\/p>\n<p><strong>DOSYA 6 YIL SONRA RAFTAN \u0130ND\u0130<\/strong><\/p>\n<p><strong>CNN T\u00fcrk Muhabiri Merve Tokaz soru\u015fturman\u0131n detaylar\u0131n\u0131 anlat\u0131. \u0130\u015fte Merve Tokaz&#8217;\u0131n anlat\u0131m\u0131yla soru\u015fturmada ya\u015fanan geli\u015fmeler:<\/strong><\/p>\n<p>Anne Bedriye Doku bana g\u00f6\u011f\u00fcs kafesini g\u00f6sterdi ve &#8220;6 y\u0131ld\u0131r benim buramda bir ate\u015f yan\u0131yor.&#8221; dedi. Ne s\u00f6nd\u00fcr\u00fcr bu ate\u015fi dedim &#8220;Benim k\u0131z\u0131ma bunu yapanlar\u0131n cezalar\u0131n\u0131 almas\u0131&#8221; dedi. Bu 6 y\u0131l s\u00fcren bir adalet aray\u0131\u015f\u0131. 6 y\u0131l sonra da tozlu raflardan g\u00fcn y\u00fcz\u00fcne \u00e7\u0131kan bir adalet dosyas\u0131ndan s\u00f6z ediyoruz.<\/p>\n<p>G\u00fclistan Doku Diyarbak\u0131r&#8217;daki baba evinden yola \u00e7\u0131kt\u0131 Tunceli&#8217;ye geldi. \u00c7ocuk geli\u015fimi \u00f6\u011frencisiydi. Onun hayalleri biri ya da birileri taraf\u0131ndan yok edildi. Y\u0131llar \u00f6nce kay\u0131p ya da intihar \u015f\u00fcphesiyle ba\u015flayan soru\u015fturma bug\u00fcn as\u0131l gelmesi gereken noktaya bir\u00a0cinayet\u00a0soru\u015fturmas\u0131na geldi.<br \/>\nBir bu\u00e7uk y\u0131l \u00f6nce buraya Tunceli&#8217;ye ba\u015fsavc\u0131 olarak atanan Ebru Cansu bu dosyay\u0131 yeniden \u00e7\u0131kard\u0131 ve bu kez y\u0131llar \u00f6ncenin aksine soru\u015fturmay\u0131 cinayet soru\u015fturmas\u0131 olarak ele ald\u0131. Soru\u015fturman\u0131n bu seyirde devam etmesi sonras\u0131nda d\u00fcn gece ki s\u0131cak geli\u015fmeleri ya\u015fad\u0131k. 13 ki\u015fi hakk\u0131nda g\u00f6zalt\u0131 karar\u0131 verildi. 13&#8217;\u00fc de g\u00f6zalt\u0131na al\u0131nd\u0131.<\/p>\n<p>O d\u00f6nemde 4 Ocak&#8217;ta G\u00fclistan kald\u0131\u011f\u0131 KYK yurdundan \u00e7\u0131k\u0131yor. Erkek arkada\u015f\u0131n\u0131n \u00e7al\u0131\u015ft\u0131\u011f\u0131 kafeye gidip erkek arkada\u015f\u0131yla tart\u0131\u015f\u0131yor. O tart\u0131\u015fmadan sonra da bir daha G\u00fclistan&#8217;a kimse ula\u015fam\u0131yor. O d\u00f6nemde HTS kay\u0131tlar\u0131 ve sinyaller inceleniyor. G\u00fclistan&#8217;\u0131n son olarak Sar\u0131 Saltuk Viyad\u00fc\u011f\u00fc ile Dinar K\u00f6pr\u00fcs\u00fc aras\u0131ndaki bir noktada baz verdi\u011fi ortaya \u00e7\u0131k\u0131yor. Ama d\u00f6nem soru\u015fturma bir intihar olarak kapat\u0131lmaya \u00e7al\u0131\u015f\u0131l\u0131yor. Bir tak\u0131m deliller karart\u0131lmaya \u00e7al\u0131\u015f\u0131l\u0131yor. Soru\u015fturma farkl\u0131 bir y\u00f6ne eviriliyor.<\/p>\n<p>\u015eimdi ise soru\u015fturman\u0131n karanl\u0131k noktalar\u0131 ayd\u0131nlat\u0131l\u0131yor. G\u00fclistan&#8217;\u0131n organize bir cinayete kurban gitmi\u015f olabilece\u011fi ihtimali kapsam\u0131nda MOBESE kameralar\u0131 yeniden incelendi. Dosyada daha \u00f6nce incelenen her ne varsa yeniden masaya kondu. 700 saatlik bir kamera kayd\u0131ndan bahsediyoruz. Ba\u015fsavc\u0131 o kamera kay\u0131tlar\u0131n\u0131 bizzat kendisinin izledi\u011fini hala izlemeye devam edildi\u011fini. Deyim yerindeyse i\u011fneyle kuyu kazar gibi bu soru\u015fturman\u0131n yeniden ele al\u0131nd\u0131\u011f\u0131n\u0131 ifade ediyor.<\/p>\n<p>G\u00f6zalt\u0131na al\u0131nan isimler aras\u0131nda \u00e7arp\u0131c\u0131 isimler var. Bu isimlerin ba\u015f\u0131nda y\u0131llar \u00f6nce zaten soru\u015fturmada ad\u0131 ge\u00e7mi\u015f Zeynel Abarakov var. G\u00f6zalt\u0131na al\u0131nanlardan birisi ise d\u00f6nemin valisi Tuncel Sonel&#8217;in o\u011flu Mustafa Sonel. &#8220;G\u00fclistan Doku cinayeti&#8221; diyorum ba\u011flant\u0131s\u0131 oldu\u011fu iddia edilen isimlerden bir tanesi&#8230; O d\u00f6nem en \u00e7ok tart\u0131\u015f\u0131lanlardan biri de dosyadaki s\u0131z\u0131nt\u0131lard\u0131. Ne demek istiyorum. Birileri soru\u015fturmaya dair bilgiler al\u0131yor. Bu bilgiler de bizzat soru\u015fturman\u0131n \u015f\u00fcphelileriyle payla\u015f\u0131l\u0131yordu. Bu sonu\u00e7 Zeynel Abarkov&#8217;un telefonundaki bir arkada\u015f\u0131na g\u00f6nderdi\u011fi mesajla diyor ki &#8220;Telefonumu al\u0131p inceleyecekler.&#8221; Bunu neye dayanarak s\u00f6yl\u00fcyor? Demek ki kendisine soru\u015fturmaya dair bilgi verilmi\u015f. Bunun ise Zeynel&#8217;in eski polis olan babas\u0131 taraf\u0131ndan bilgi verildi\u011fi d\u00fc\u015f\u00fcn\u00fcl\u00fcyor.<\/p>\n<p>&nbsp;<\/p>\n<p><strong>G\u0130ZL\u0130 TANIK: G\u00dcL\u0130STAN C\u0130NAYETE KURBAN G\u0130TT\u0130<\/strong><\/p>\n<p>Dosyada bir gizli tan\u0131k var. Gizli tan\u0131k \u015eubat, bu soru\u015fturmada bilinen ger\u00e7ekleri temelinden sarsan bir tak\u0131m bilgiler verdi. Bu gizli tan\u0131k G\u00fclistan Doku&#8217;nun \u00f6ld\u00fcr\u00fcld\u00fc\u011f\u00fcn\u00fc a\u00e7\u0131k\u00e7a beyan etti. Hatta G\u00fclistan&#8217;\u0131n nas\u0131l \u00f6ld\u00fcr\u00fcld\u00fc\u011f\u00fcn\u00fc cesedinin bir noktadan bir noktaya nas\u0131l ta\u015f\u0131nd\u0131\u011f\u0131n\u0131 bunun gibi bir\u00e7ok detaylar verdi.<\/p>\n<p><strong>EK\u0130PLER G\u0130ZL\u0130 TANI\u011eIN \u0130\u015eARET ETT\u0130\u011e\u0130 B\u00d6LGEDE ARAMA YAPIYOR<\/strong><\/p>\n<p>G\u00fclistan Doku&#8217;nun cans\u0131z bedeninin bulunmas\u0131 i\u00e7in Tunceli&#8217;nin Pertek il\u00e7esi Ko\u00e7p\u0131nar k\u00f6y\u00fcnde adeta her ta\u015f\u0131n alt\u0131na bak\u0131l\u0131yor. Soru\u015fturmadaki gizli tan\u0131k G\u00fclistan Doku&#8217;nun bu k\u00f6ye g\u00f6m\u00fcld\u00fc\u011f\u00fcn\u00fc ifade etti. Gizli tan\u0131k ifadesinde &#8220;G\u00fclistan \u00f6ld\u00fcr\u00fclm\u00fc\u015ft\u00fcr. Cenazesi&#8217;de Pertek il\u00e7esi Ko\u00e7p\u0131nar k\u00f6y\u00fcnde t\u00fcrbenin hemen yan\u0131nda bulunan heybetli bir a\u011fac\u0131n dibine g\u00f6m\u00fclm\u00fc\u015ft\u00fc.&#8221; dedi. \u0130fade sonras\u0131 b\u00f6lgede Narin G\u00fcran soru\u015fturmas\u0131nda da g\u00f6rev yapan bilirki\u015fi b\u00f6lgeye getirildi. Arama \u00e7al\u0131\u015fmalar\u0131 devam ediyor.<\/p>\n<p><strong>G\u00dcL\u0130STAN DOKU\u2019NUN ANNE VE BABASI ADL\u0130YEYE GELD\u0130<\/strong><\/p>\n<p>G\u00fclistan&#8217;\u0131n Doku\u2019nun annesi Bedriye ile babas\u0131 Halit Doku, Tunceli Cumhuriyet Ba\u015fsavc\u0131l\u0131\u011f\u0131\u2019na geldi. G\u00f6zya\u015flar\u0131yla adliye binas\u0131na giren Bedriye Doku, \u201cSavc\u0131n\u0131n yan\u0131na gidece\u011fiz. Adalet Bakan\u0131m\u0131za, Say\u0131n Ba\u015fsavc\u0131m\u0131za, hakime, polise, jandarmaya \u00e7ok te\u015fekk\u00fcr ederim. Art\u0131k kad\u0131nlar \u00f6lmesin, G\u00fclistan&#8217;lar, \u00f6\u011frenciler \u00f6lmesin. Jandarmalar, polisler, onlara da yaz\u0131k de\u011fil miydi? O karda k\u0131\u015fta, o kadar insana da yaz\u0131k de\u011fil miydi? Onlar arama yapt\u0131lar g\u00fcnlerce. Yaz\u0131k g\u00fcnah de\u011fil miydi? \u2018Teyze, k\u0131z\u0131n burada yok\u2019 diyorlard\u0131. Israrla oraya y\u00f6nlendirdiler\u201d dedi.<\/p>\n<p>Baba Halit Doku ise \u201cAdalet yerini buldu. Adalete inan\u0131yoruz. Adalete g\u00fcvendi\u011fimiz i\u00e7in adalet yerini buldu. Herkese te\u015fekk\u00fcr ederim\u201d diye konu\u015ftu.<\/p>\n<p><strong>ADALET BAKANI G\u00dcRLEK:\u00a0BA\u015eSAVCILI\u011eIMIZCA \u00d6NEML\u0130 B\u0130R ADIM ATILMI\u015e<\/strong><\/p>\n<p>Adalet Bakan\u0131 Ak\u0131n G\u00fcrlek G\u00fclistan Doku soru\u015fturmas\u0131 ile ilgili X hesab\u0131ndan \u015fu payla\u015f\u0131m\u0131 yapt\u0131:<\/p>\n<p>G\u00fclistan Doku\u2019nun kaybolmas\u0131na ili\u015fkin y\u00fcr\u00fct\u00fclen soru\u015fturma kapsam\u0131nda, Tunceli Cumhuriyet Ba\u015fsavc\u0131l\u0131\u011f\u0131m\u0131zca \u00f6nemli bir ad\u0131m at\u0131lm\u0131\u015f; \u00e7ok y\u00f6nl\u00fc y\u00fcr\u00fct\u00fclen \u00e7al\u0131\u015fmalar neticesinde\u00a0g\u00f6zalt\u0131\u00a0i\u015flemleri ger\u00e7ekle\u015ftirilmi\u015ftir.<\/p>\n<p>Kamu vicdan\u0131nda derin iz b\u0131rakan bu soru\u015fturma, t\u00fcm y\u00f6nleriyle yeniden ele al\u0131nmakta; hi\u00e7bir \u015f\u00fcphe ve iddia g\u00f6z ard\u0131 edilmeden, ucu nereye giderse gitsin kararl\u0131l\u0131kla ara\u015ft\u0131r\u0131lmaktad\u0131r. Bu zorlu ve kapsaml\u0131 s\u00fcreci b\u00fcy\u00fck bir sab\u0131rla takip eden Doku ailesinin ac\u0131s\u0131n\u0131 payla\u015f\u0131yor; adaletin tecellisi i\u00e7in \u00f6zveriyle g\u00f6rev yapan Tunceli Cumhuriyet Ba\u015fsavc\u0131l\u0131\u011f\u0131m\u0131za ve hassasiyetle \u00e7al\u0131\u015fan kolluk g\u00fc\u00e7lerimize te\u015fekk\u00fcr ediyorum.<\/p>\n<p>Say\u0131n Cumhurba\u015fkan\u0131m\u0131z\u0131n &#8216;T\u00fcrkiye Y\u00fczy\u0131l\u0131, Adaletin Y\u00fczy\u0131l\u0131 olacakt\u0131r&#8217; vizyonu do\u011frultusunda; faili me\u00e7hul hi\u00e7bir olay kalmayana kadar, hukukun t\u00fcm imkanlar\u0131n\u0131 seferber etmeye devam edece\u011fiz.<\/p>\n<div class=\"news-fullwith-img\"><\/div>\n<p>&nbsp;<\/p>\n<div class=\"news-fullwith-img\"><\/div>\n<\/div>\n","protected":false},"excerpt":{"rendered":"<p>2020 y\u0131l\u0131ndan bu yana kay\u0131p olan G\u00fclistan Doku\u2019ya ili\u015fkin y\u00fcr\u00fct\u00fclen soru\u015fturmas\u0131 6 y\u0131l sonra yeniden tozlu raflardan indi. CNN T\u00fcrk&#8217;ten Merve Tokaz&#8217;\u0131n aktard\u0131\u011f\u0131 bilgilere g\u00f6re soru\u015fturma kapsam\u0131nda ifade veren gizli tan\u0131k, G\u00fclistan Doku&#8217;nun cinayete kurban gitti\u011fini belirtip cenazesinin g\u00f6m\u00fcl\u00fc oldu\u011fu konumla ilgili Pertek&#8217;in Ko\u00e7p\u0131nar k\u00f6y\u00fcn\u00fc i\u015faret etti. K\u00f6yde eski mezarlar dahi detayl\u0131 \u015fekilde aran\u0131yor. Tunceli\u2019de [&hellip;]<\/p>\n","protected":false},"author":1,"featured_media":3250,"comment_status":"closed","ping_status":"closed","sticky":false,"template":"","format":"standard","meta":{"footnotes":""},"categories":[7,39],"tags":[],"class_list":["post-3249","post","type-post","status-publish","format-standard","has-post-thumbnail","hentry","category-gundem","category-haber"],"_links":{"self":[{"href":"https:\/\/avukatimtv.com\/index.php\/wp-json\/wp\/v2\/posts\/3249","targetHints":{"allow":["GET"]}}],"collection":[{"href":"https:\/\/avukatimtv.com\/index.php\/wp-json\/wp\/v2\/posts"}],"about":[{"href":"https:\/\/avukatimtv.com\/index.php\/wp-json\/wp\/v2\/types\/post"}],"author":[{"embeddable":true,"href":"https:\/\/avukatimtv.com\/index.php\/wp-json\/wp\/v2\/users\/1"}],"replies":[{"embeddable":true,"href":"https:\/\/avukatimtv.com\/index.php\/wp-json\/wp\/v2\/comments?post=3249"}],"version-history":[{"count":1,"href":"https:\/\/avukatimtv.com\/index.php\/wp-json\/wp\/v2\/posts\/3249\/revisions"}],"predecessor-version":[{"id":3251,"href":"https:\/\/avukatimtv.com\/index.php\/wp-json\/wp\/v2\/posts\/3249\/revisions\/3251"}],"wp:featuredmedia":[{"embeddable":true,"href":"https:\/\/avukatimtv.com\/index.php\/wp-json\/wp\/v2\/media\/3250"}],"wp:attachment":[{"href":"https:\/\/avukatimtv.com\/index.php\/wp-json\/wp\/v2\/media?parent=3249"}],"wp:term":[{"taxonomy":"category","embeddable":true,"href":"https:\/\/avukatimtv.com\/index.php\/wp-json\/wp\/v2\/categories?post=3249"},{"taxonomy":"post_tag","embeddable":true,"href":"https:\/\/avukatimtv.com\/index.php\/wp-json\/wp\/v2\/tags?post=3249"}],"curies":[{"name":"wp","href":"https:\/\/api.w.org\/{rel}","templated":true}]}}