{"id":3252,"date":"2026-04-15T18:47:35","date_gmt":"2026-04-15T15:47:35","guid":{"rendered":"https:\/\/avukatimtv.com\/?p=3252"},"modified":"2026-04-15T18:47:35","modified_gmt":"2026-04-15T15:47:35","slug":"kahramanmarastaki-saldiridan-sonra-egitime-ara-verildi-kentte-okullar-2-gun-tatil-edildi","status":"publish","type":"post","link":"https:\/\/avukatimtv.com\/index.php\/2026\/04\/15\/kahramanmarastaki-saldiridan-sonra-egitime-ara-verildi-kentte-okullar-2-gun-tatil-edildi\/","title":{"rendered":"Kahramanmara\u015f&#8217;taki sald\u0131r\u0131dan sonra e\u011fitime ara verildi: Kentte okullar 2 g\u00fcn tatil edildi"},"content":{"rendered":"<div class=\"news-content__inf\">\n<h2>Kahramanmara\u015f&#8217;taki ortaokulda bir \u00f6\u011frenci taraf\u0131ndan ger\u00e7ekle\u015ftirilen silahl\u0131 sald\u0131r\u0131da 1&#8217;i \u00f6\u011fretmen 8&#8217;i \u00f6\u011frenci olmak \u00fczere 9 ki\u015fi hayat\u0131n\u0131 kaybetti. Bu ac\u0131 hadisenin ard\u0131ndan kentte e\u011fitime 2 g\u00fcn ara verildi.<\/h2>\n<\/div>\n<div class=\"news-content readingTime\">\n<p>Kahramanmara\u015f&#8217;ta bir okulda meydana gelen silahl\u0131 sald\u0131r\u0131da 9 ki\u015fi hayat\u0131n\u0131 kaybetti. Bakanlar b\u00f6lgeye giderek bas\u0131n toplant\u0131s\u0131 d\u00fczenledi. \u0130\u00e7i\u015fleri Bakan\u0131 Mustafa \u00c7ift\u00e7i, konu\u015fmas\u0131nda olaya ili\u015fkin ayr\u0131nt\u0131lar\u0131 payla\u015ft\u0131. Ayr\u0131ca Bakan \u00c7ift\u00e7i, Kahramanmara\u015f&#8217;ta e\u011fitime iki g\u00fcn ara verildi\u011fini de duyurdu.<\/p>\n<p><strong>\u0130\u00e7i\u015fleri Bakan\u0131 Mustafa \u00c7ift\u00e7i,\u00a0Kahramanmara\u015f&#8217;ta yapt\u0131\u011f\u0131 konu\u015fmas\u0131nda \u015fu ifadelere yer verdi:<\/strong><\/p>\n<p>\u00d6ncelikle okulun ikili e\u011fitim verdi\u011fini ifade etmem gerekiyor. Sabah\u00e7\u0131 ve \u00f6\u011flenci \u015feklinde. Sabah\u00e7\u0131 \u00f6\u011frencilerin tam da\u011f\u0131lma vaktinde, kendisi de \u00f6\u011fleden sonra okula devam eden, okulda \u00f6\u011frenci olan 8. s\u0131n\u0131f, 14 ya\u015f\u0131nda bir \u00f6\u011frencimiz, evden getirdi\u011fi silahlarla okulumuzun iki s\u0131n\u0131f\u0131na girmek suretiyle rastgele ate\u015f ederek okulda b\u00fcy\u00fck bir katliam yap\u0131yor.<\/p>\n<p><img decoding=\"async\" src=\"https:\/\/image.hurimg.com\/i\/hurriyet\/90\/770x0\/69dfa6b02819415d8e021a4e.jpg\" alt=\"Kahramanmara\u015ftaki sald\u0131r\u0131dan sonra e\u011fitime ara verildi: Kentte okullar 2 g\u00fcn tatil edildi\" \/><\/p>\n<p><strong>9 CAN KAYDI, 13 YARALI, 3&#8217;\u00dcN\u00dcN DURUMU KR\u0130T\u0130K<\/strong><\/p>\n<p>Bunun neticesinde 9 tane vefat\u0131m\u0131z var. Bunlardan 8 tanesi \u00f6\u011frenci, 1 tanesi \u00f6\u011fretmenimiz. Onun d\u0131\u015f\u0131nda 13 tane de yaral\u0131m\u0131z var. Yaral\u0131lar\u0131m\u0131z\u0131n 6 tanesi yo\u011fun bak\u0131mda, \u00fc\u00e7\u00fcn\u00fcn durumu da kritik. Ben \u00f6ncelikle bu menfur sald\u0131r\u0131da hayat\u0131n\u0131 kaybeden t\u00fcm \u00f6\u011frencilerimize ve \u00f6\u011fretmenimize Allah\u2019tan rahmet diliyorum. Yak\u0131nlar\u0131na ba\u015fsa\u011fl\u0131\u011f\u0131 diliyorum. Aziz milletimize ba\u015fsa\u011fl\u0131\u011f\u0131 diliyorum. \u015eu anda hastanelerimizde tedavileri devam eden b\u00fct\u00fcn yaral\u0131lar\u0131m\u0131za da Cenab-\u0131 Hak\u2019tan acil \u015fifalar diliyorum. Biz, olay\u0131n duyulmas\u0131yla beraber,\u00a0haber\u00a0almam\u0131zla birlikte Say\u0131n Milli E\u011fitim Bakan\u0131m\u0131zla, Sa\u011fl\u0131k Bakan\u0131m\u0131zla ve Adalet Bakan\u0131m\u0131zla hemen olay yerine intikal ettik. Aile Bakan\u0131m\u0131z da yolda, o da gelecek. Say\u0131n milletvekillerimiz burada. Say\u0131n Cumhurba\u015fkan\u0131m\u0131z\u0131 da s\u00fcrecin en ba\u015f\u0131ndan itibaren anbean bilgilendirdik. Bir daha ifade etmek istiyorum: Olay, sadece bir \u00f6\u011frencimizin ger\u00e7ekle\u015ftirdi\u011fi bireysel bir hadise; bir ter\u00f6r hadisesi de\u011fil. Onun i\u00e7in d\u00fcn \u015eanl\u0131urfa\u2019da, bug\u00fcn de Mara\u015f\u2019ta b\u00f6yle bir hadisenin ya\u015fanmas\u0131ndan dolay\u0131 son derece \u00fczg\u00fcn oldu\u011fumuzu bir kez daha ifade etmek istiyorum..<\/p>\n<p><strong>E\u011e\u0130T\u0130ME 2 G\u00dcN ARA VER\u0130LD\u0130<\/strong><\/p>\n<p>D\u00fcn \u015eanl\u0131urfa\u2019daki olaydan dolay\u0131 hafta sonuna kadar \u015eanl\u0131urfa\u2019da e\u011fitime ara vermi\u015ftik. Bug\u00fcn de Mara\u015f\u2019taki olaydan dolay\u0131 yar\u0131n ve bir g\u00fcn sonras\u0131nda e\u011fitime Mara\u015f\u2019ta iki g\u00fcn ara veriyoruz. Benim ilk etapta s\u00f6yleyebileceklerim bunlar. Tekrar b\u00fct\u00fcn milletimize ve vefat edenlerin yak\u0131nlar\u0131na ba\u015fsa\u011fl\u0131\u011f\u0131 diliyorum. T\u00fcm bakanl\u0131klar\u0131m\u0131z \u00fczerine d\u00fc\u015fen g\u00f6revi yerine getiriyor. Herkes kendi g\u00f6rev alan\u0131yla ilgili gerekli m\u00fcdahaleleri yap\u0131yor. \u00d6rne\u011fin biz, \u0130\u00e7i\u015fleri Bakanl\u0131\u011f\u0131 olarak olayla ilgili 4 tane m\u00fclkiye ba\u015fm\u00fcfetti\u015fi, 4 tane de polis ba\u015fm\u00fcfetti\u015fi g\u00f6revlendirdik. Adalet Bakanl\u0131\u011f\u0131m\u0131z 3 tane Cumhuriyet ba\u015fsavc\u0131 vekili, 4 tane Cumhuriyet savc\u0131s\u0131 g\u00f6revlendirdi; olay\u0131 t\u00fcm boyutlar\u0131yla soru\u015fturmak \u00fczere. Yine Milli\u00a0E\u011fitim\u00a0Bakanl\u0131\u011f\u0131m\u0131z da bu olayla ilgili gerekli ba\u015fm\u00fcfetti\u015f g\u00f6revlendirmelerini yapt\u0131. B\u00f6ylece olaylar\u0131 t\u00fcm boyutlar\u0131yla incelemi\u015f olaca\u011f\u0131z. Ben tekrar t\u00fcm milletimize, aziz milletimize ba\u015fsa\u011fl\u0131\u011f\u0131 diliyorum. Yaral\u0131lara bir kez daha acil \u015fifalar diliyorum.<\/p>\n<\/div>\n","protected":false},"excerpt":{"rendered":"<p>Kahramanmara\u015f&#8217;taki ortaokulda bir \u00f6\u011frenci taraf\u0131ndan ger\u00e7ekle\u015ftirilen silahl\u0131 sald\u0131r\u0131da 1&#8217;i \u00f6\u011fretmen 8&#8217;i \u00f6\u011frenci olmak \u00fczere 9 ki\u015fi hayat\u0131n\u0131 kaybetti. Bu ac\u0131 hadisenin ard\u0131ndan kentte e\u011fitime 2 g\u00fcn ara verildi. Kahramanmara\u015f&#8217;ta bir okulda meydana gelen silahl\u0131 sald\u0131r\u0131da 9 ki\u015fi hayat\u0131n\u0131 kaybetti. Bakanlar b\u00f6lgeye giderek bas\u0131n toplant\u0131s\u0131 d\u00fczenledi. \u0130\u00e7i\u015fleri Bakan\u0131 Mustafa \u00c7ift\u00e7i, konu\u015fmas\u0131nda olaya ili\u015fkin ayr\u0131nt\u0131lar\u0131 payla\u015ft\u0131. Ayr\u0131ca [&hellip;]<\/p>\n","protected":false},"author":1,"featured_media":3253,"comment_status":"closed","ping_status":"closed","sticky":false,"template":"","format":"standard","meta":{"footnotes":""},"categories":[7,39],"tags":[],"class_list":["post-3252","post","type-post","status-publish","format-standard","has-post-thumbnail","hentry","category-gundem","category-haber"],"_links":{"self":[{"href":"https:\/\/avukatimtv.com\/index.php\/wp-json\/wp\/v2\/posts\/3252","targetHints":{"allow":["GET"]}}],"collection":[{"href":"https:\/\/avukatimtv.com\/index.php\/wp-json\/wp\/v2\/posts"}],"about":[{"href":"https:\/\/avukatimtv.com\/index.php\/wp-json\/wp\/v2\/types\/post"}],"author":[{"embeddable":true,"href":"https:\/\/avukatimtv.com\/index.php\/wp-json\/wp\/v2\/users\/1"}],"replies":[{"embeddable":true,"href":"https:\/\/avukatimtv.com\/index.php\/wp-json\/wp\/v2\/comments?post=3252"}],"version-history":[{"count":1,"href":"https:\/\/avukatimtv.com\/index.php\/wp-json\/wp\/v2\/posts\/3252\/revisions"}],"predecessor-version":[{"id":3254,"href":"https:\/\/avukatimtv.com\/index.php\/wp-json\/wp\/v2\/posts\/3252\/revisions\/3254"}],"wp:featuredmedia":[{"embeddable":true,"href":"https:\/\/avukatimtv.com\/index.php\/wp-json\/wp\/v2\/media\/3253"}],"wp:attachment":[{"href":"https:\/\/avukatimtv.com\/index.php\/wp-json\/wp\/v2\/media?parent=3252"}],"wp:term":[{"taxonomy":"category","embeddable":true,"href":"https:\/\/avukatimtv.com\/index.php\/wp-json\/wp\/v2\/categories?post=3252"},{"taxonomy":"post_tag","embeddable":true,"href":"https:\/\/avukatimtv.com\/index.php\/wp-json\/wp\/v2\/tags?post=3252"}],"curies":[{"name":"wp","href":"https:\/\/api.w.org\/{rel}","templated":true}]}}