{"id":3255,"date":"2026-04-15T18:49:49","date_gmt":"2026-04-15T15:49:49","guid":{"rendered":"https:\/\/avukatimtv.com\/?p=3255"},"modified":"2026-04-15T18:49:49","modified_gmt":"2026-04-15T15:49:49","slug":"erzurumlu-coban-surusunu-toplamak-icin-bakin-ne-yapti-simdi-kartal-gibi-gozlerimle-kontrol-ediyorum","status":"publish","type":"post","link":"https:\/\/avukatimtv.com\/index.php\/2026\/04\/15\/erzurumlu-coban-surusunu-toplamak-icin-bakin-ne-yapti-simdi-kartal-gibi-gozlerimle-kontrol-ediyorum\/","title":{"rendered":"Erzurumlu \u00e7oban, s\u00fcr\u00fcs\u00fcn\u00fc toplamak i\u00e7in bak\u0131n ne yapt\u0131: &#8216;\u015eimdi kartal gibi g\u00f6zlerimle kontrol ediyorum&#8217;"},"content":{"rendered":"<div class=\"row\">\n<div class=\"col-xl-17 col-lg-16\">\n<div class=\"news-content__inf\">\n<h2>Erzurum&#8217;un Oltu il\u00e7esinde \u00e7obanl\u0131k yapan \u0130smail Akba\u015f, araziye da\u011f\u0131lan koyun s\u00fcr\u00fcs\u00fcn\u00fc dronla 30 saniyede toplad\u0131. O anlar\u0131 sanal medya hesab\u0131ndan payla\u015fan &#8216;yeni nesil \u00e7oban&#8217;\u0131n g\u00f6r\u00fcnt\u00fcleri, b\u00fcy\u00fck ilgi g\u00f6rd\u00fc.<\/h2>\n<\/div>\n<\/div>\n<\/div>\n<div id=\"galleryTotalCount\" class=\"gallery-list\" data-count-total=\"9\">\n<div class=\"gallery-list__item item_1\">\n<div class=\"row\">\n<div class=\"col-xl-17 col-lg-16\">\n<figure>\n<div class=\"gallery-image\">\n<div class=\"gallery-image__cover passed\" data-count=\"1\">\n<figure>\n<div class=\"gallery-image\">\n<div class=\"gallery-image\"><\/div>\n<\/div><figcaption>\n<div class=\"gallery-image__text\">\n<p>Oltu il\u00e7esine ba\u011fl\u0131 k\u0131rsal Toprakkale Mahallesi\u2019nde \u00e7obanl\u0131k yapan Akba\u015f, \u00e7ay demledi\u011fi s\u0131rada koyun s\u00fcr\u00fcs\u00fcn\u00fcn geni\u015f bir alana yay\u0131ld\u0131\u011f\u0131n\u0131 fark etti.<\/p>\n<p><img decoding=\"async\" src=\"https:\/\/image.hurimg.com\/i\/hurriyet\/90\/0x0\/69df5c300c50728add7ef276.jpg\" alt=\"Erzurumlu \u00e7oban, s\u00fcr\u00fcs\u00fcn\u00fc toplamak i\u00e7in bak\u0131n ne yapt\u0131: \u015eimdi kartal gibi g\u00f6zlerimle kontrol ediyorum\" \/><\/p>\n<p>&nbsp;<\/p>\n<p>O anlar\u0131 kayda alan Akba\u015f, &#8220;\u00c7ay\u0131m kaynad\u0131, koyunlar da da\u011f\u0131ld\u0131. &#8216;Dronu g\u00f6ndereyim gelsin&#8217; dedim. Dron olmasa y\u00fcr\u00fcmeye ba\u015flayacakt\u0131m. G\u00f6nderdim, ne g\u00fczel oldu. Teknolojiden faydalan\u0131yorum. K\u00f6t\u00fc bir \u015fey mi? 30 saniyede gittim, geldim&#8221; dedi.<\/p>\n<p><img decoding=\"async\" src=\"https:\/\/image.hurimg.com\/i\/hurriyet\/90\/0x0\/69df5c2f0c50728add7ef26c.jpg\" alt=\"Erzurumlu \u00e7oban, s\u00fcr\u00fcs\u00fcn\u00fc toplamak i\u00e7in bak\u0131n ne yapt\u0131: \u015eimdi kartal gibi g\u00f6zlerimle kontrol ediyorum\" \/><\/p>\n<\/div>\n<\/figcaption><\/figure>\n<figure>\n<div class=\"gallery-image\">\n<div class=\"gallery-image__cover passed\" data-count=\"2\">\n<div class=\"col-xl-17 col-lg-16\">\n<figure>\n<div class=\"gallery-image\">\n<div class=\"gallery-image\"><\/div>\n<\/div><figcaption>\n<div class=\"gallery-image__text\">\n<p><strong>&#8216;KU\u015eTAN \u00dcRKEN KOYUNLARI G\u00d6R\u00dcNCE DRON ALDIM&#8217;<\/strong><\/p>\n<p>\u00c7obanl\u0131\u011f\u0131n ata mesle\u011fi oldu\u011funu belirten Akba\u015f, ge\u00e7mi\u015fte koyunlar\u0131 de\u011fnek ve sesle y\u00f6nlendirdiklerini ifade ederek, &#8220;\u015eimdi Oltu da\u011flar\u0131nda adeta bir kartal gibi g\u00f6zlerimle s\u00fcr\u00fcy\u00fc kontrol ediyorum.<\/p>\n<figure>\n<div class=\"gallery-image\">\n<div class=\"gallery-image\"><\/div>\n<\/div><figcaption>\n<div class=\"gallery-image__text\">\n<p>S\u00fcr\u00fc b\u00f6l\u00fcnd\u00fc\u011f\u00fcnde de dronla bulup, geri getiriyorum. Teknolojiden bu \u015fekilde yararlan\u0131yorum&#8221; diye konu\u015ftu.<\/p>\n<p>&nbsp;<\/p>\n<\/div>\n<\/figcaption><\/figure>\n<div id=\"taboola-mid-gallery-thumbnails_mobile-hurriyet-43151372-2\"><\/div>\n<figure>\n<div class=\"gallery-image\">\n<div class=\"gallery-image__cover passed\" data-count=\"8\">\n<img decoding=\"async\" src=\"https:\/\/image.hurimg.com\/i\/hurriyet\/90\/0x0\/69df5c2f0c50728add7ef274.jpg\" alt=\"Erzurumlu \u00e7oban, s\u00fcr\u00fcs\u00fcn\u00fc toplamak i\u00e7in bak\u0131n ne yapt\u0131: \u015eimdi kartal gibi g\u00f6zlerimle kontrol ediyorum\" \/><\/div>\n<\/div>\n<\/figure>\n<\/div>\n<\/figcaption><\/figure>\n<\/div>\n<div class=\"col-xl-7 col-lg-8\">\n<div class=\"sticky-wrapper\">\n<div class=\"sticky\">\n<div class=\"promo \" data-card-uid=\"042B472C\" data-widget-async=\"true\" data-loaded=\"true\" data-template-path=\"newsdetail\/newsdetailtopnewscard-vertical\" data-api=\"newsdetailtopnewscard\/61669df00f25444ea8342853\/0\/3\">\n<figure><figcaption>\n<div class=\"gallery-image__text\">\n<p>&nbsp;<\/p>\n<\/div>\n<\/figcaption><\/figure>\n<figure>\n<div class=\"gallery-image\">\n<div class=\"gallery-image__cover passed\" data-count=\"6\"><\/div>\n<\/div>\n<\/figure>\n<\/div>\n<\/div>\n<\/div>\n<\/div>\n<\/div>\n<\/div>\n<\/figure>\n<\/div>\n<\/div>\n<\/figure>\n<\/div>\n<\/div>\n<\/div>\n<\/div>\n","protected":false},"excerpt":{"rendered":"<p>Erzurum&#8217;un Oltu il\u00e7esinde \u00e7obanl\u0131k yapan \u0130smail Akba\u015f, araziye da\u011f\u0131lan koyun s\u00fcr\u00fcs\u00fcn\u00fc dronla 30 saniyede toplad\u0131. O anlar\u0131 sanal medya hesab\u0131ndan payla\u015fan &#8216;yeni nesil \u00e7oban&#8217;\u0131n g\u00f6r\u00fcnt\u00fcleri, b\u00fcy\u00fck ilgi g\u00f6rd\u00fc. Oltu il\u00e7esine ba\u011fl\u0131 k\u0131rsal Toprakkale Mahallesi\u2019nde \u00e7obanl\u0131k yapan Akba\u015f, \u00e7ay demledi\u011fi s\u0131rada koyun s\u00fcr\u00fcs\u00fcn\u00fcn geni\u015f bir alana yay\u0131ld\u0131\u011f\u0131n\u0131 fark etti. &nbsp; O anlar\u0131 kayda alan Akba\u015f, &#8220;\u00c7ay\u0131m [&hellip;]<\/p>\n","protected":false},"author":1,"featured_media":3256,"comment_status":"closed","ping_status":"closed","sticky":false,"template":"","format":"standard","meta":{"footnotes":""},"categories":[7,39],"tags":[],"class_list":["post-3255","post","type-post","status-publish","format-standard","has-post-thumbnail","hentry","category-gundem","category-haber"],"_links":{"self":[{"href":"https:\/\/avukatimtv.com\/index.php\/wp-json\/wp\/v2\/posts\/3255","targetHints":{"allow":["GET"]}}],"collection":[{"href":"https:\/\/avukatimtv.com\/index.php\/wp-json\/wp\/v2\/posts"}],"about":[{"href":"https:\/\/avukatimtv.com\/index.php\/wp-json\/wp\/v2\/types\/post"}],"author":[{"embeddable":true,"href":"https:\/\/avukatimtv.com\/index.php\/wp-json\/wp\/v2\/users\/1"}],"replies":[{"embeddable":true,"href":"https:\/\/avukatimtv.com\/index.php\/wp-json\/wp\/v2\/comments?post=3255"}],"version-history":[{"count":1,"href":"https:\/\/avukatimtv.com\/index.php\/wp-json\/wp\/v2\/posts\/3255\/revisions"}],"predecessor-version":[{"id":3257,"href":"https:\/\/avukatimtv.com\/index.php\/wp-json\/wp\/v2\/posts\/3255\/revisions\/3257"}],"wp:featuredmedia":[{"embeddable":true,"href":"https:\/\/avukatimtv.com\/index.php\/wp-json\/wp\/v2\/media\/3256"}],"wp:attachment":[{"href":"https:\/\/avukatimtv.com\/index.php\/wp-json\/wp\/v2\/media?parent=3255"}],"wp:term":[{"taxonomy":"category","embeddable":true,"href":"https:\/\/avukatimtv.com\/index.php\/wp-json\/wp\/v2\/categories?post=3255"},{"taxonomy":"post_tag","embeddable":true,"href":"https:\/\/avukatimtv.com\/index.php\/wp-json\/wp\/v2\/tags?post=3255"}],"curies":[{"name":"wp","href":"https:\/\/api.w.org\/{rel}","templated":true}]}}