{"id":3258,"date":"2026-04-15T18:52:09","date_gmt":"2026-04-15T15:52:09","guid":{"rendered":"https:\/\/avukatimtv.com\/?p=3258"},"modified":"2026-04-15T18:52:09","modified_gmt":"2026-04-15T15:52:09","slug":"kahramanmarastaki-okul-saldirisinin-ardindan-bakanlardan-basin-aciklamasi-can-kaybi-9a-yukseldi","status":"publish","type":"post","link":"https:\/\/avukatimtv.com\/index.php\/2026\/04\/15\/kahramanmarastaki-okul-saldirisinin-ardindan-bakanlardan-basin-aciklamasi-can-kaybi-9a-yukseldi\/","title":{"rendered":"Kahramanmara\u015f&#8217;taki okul sald\u0131r\u0131s\u0131n\u0131n ard\u0131ndan Bakanlardan bas\u0131n a\u00e7\u0131klamas\u0131: Can kayb\u0131 9&#8217;a y\u00fckseldi"},"content":{"rendered":"<div class=\"news-content__inf\">\n<h2>Kahramanmara\u015f&#8217;\u0131n Oniki\u015fubat il\u00e7esinde ortaokulda ger\u00e7ekle\u015fen silahl\u0131 sald\u0131r\u0131 sonras\u0131nda \u0130\u00e7i\u015fleri Bakan\u0131 Mustafa \u00c7ift\u00e7i, Milli E\u011fitim Bakan\u0131 Yusuf Tekin, Adalet Bakan\u0131 Ak\u0131n G\u00fcrlek ve Sa\u011fl\u0131k Bakan\u0131 Kemal Memi\u015fo\u011flu ortak bas\u0131n toplant\u0131s\u0131 ger\u00e7ekle\u015ftirdi. \u0130\u00e7i\u015fleri Bakan\u0131 Mustafa \u00c7etin, sald\u0131r\u0131n\u0131n bireysel oldu\u011funu, ter\u00f6r sald\u0131r\u0131s\u0131 olmad\u0131\u011f\u0131n\u0131 belirtip can kayb\u0131 say\u0131s\u0131n\u0131n ise 9&#8217;a y\u00fckseldi\u011fini duyurdu. \u0130\u00e7i\u015fleri Bakan\u0131 \u00c7ift\u00e7i, Kahramanmara\u015f&#8217;ta e\u011fitim ve \u00f6\u011fretime iki g\u00fcn ara verildi\u011fini a\u00e7\u0131klad\u0131.<\/h2>\n<\/div>\n<div class=\"news-content readingTime\">\n<p>Kahramanmara\u015f Oniki\u015fubat il\u00e7esi Ayser \u00c7al\u0131k Ortaokulunda ger\u00e7ekle\u015fen\u00a0silahl\u0131 sald\u0131r\u0131\u00a0sonras\u0131\u00a0\u0130\u00e7i\u015fleri Bakan\u0131 Mustafa \u00c7ift\u00e7i,\u00a0Milli E\u011fitim Bakan\u0131\u00a0Yusuf Tekin, Adalet Bakan\u0131 Ak\u0131n G\u00fcrlek ve Sa\u011fl\u0131k Bakan\u0131 Kemal Memi\u015fo\u011flu b\u00f6lgeye gitti. \u0130ncelemeler sonras\u0131 kameralar kar\u015f\u0131s\u0131na ge\u00e7en Bakanlar ortak bas\u0131n a\u00e7\u0131klamas\u0131nda bulundu.<\/p>\n<p>\u0130\u00e7i\u015fleri Bakan\u0131 Mustafa \u00c7ift\u00e7i, sald\u0131rgan\u0131n sald\u0131r\u0131n\u0131n ger\u00e7ekle\u015fti\u011fi okulda \u00f6\u011frenci oldu\u011funu ve sald\u0131r\u0131y\u0131 evden getirdi\u011fi silahla ger\u00e7ekle\u015ftirdi\u011fini duyurdu. Sald\u0131r\u0131 sonras\u0131 13 ki\u015finin yaraland\u0131\u011f\u0131n\u0131 yaral\u0131lar\u0131ndan 6&#8217;s\u0131n\u0131n ise yo\u011fun bak\u0131mda tedavi g\u00f6rd\u00fc\u011f\u00fcn\u00fc belitti.<\/p>\n<p><strong>&#8220;9 TANE VEFATIMIZ VAR&#8221;<\/strong><\/p>\n<p><strong>\u0130\u015fte\u00a0\u0130\u00e7i\u015fleri Bakan\u0131\u00a0Mustafa \u00c7ift\u00e7i&#8217;nin a\u00e7\u0131klamalar\u0131ndan \u00f6ne \u00e7\u0131kan sat\u0131rba\u015flar\u0131:<\/strong><\/p>\n<p>Kahramanmara\u015f Oniki\u015fubat il\u00e7esi Ayser \u00c7al\u0131k Ortaokulunda bir sald\u0131r\u0131 meydana geldi. Bundan dolay\u0131 son derece \u00fczg\u00fcn oldu\u011fumu ifade etmek istiyorum. Olay 13.30 s\u0131ralar\u0131nda meydana geliyor. \u00d6ncelikle okulun ikili e\u011fitim verdi\u011fini ifade etmem gerekiyor. Sabah\u00e7\u0131 \u00f6\u011frencilerin tam da\u011f\u0131lma vaktinde kendisi de okula devam eden okulda \u00f6\u011frenci olan 8. s\u0131n\u0131f 14 ya\u015f\u0131nda bir \u00f6\u011frencimiz evden getirdi\u011fi silahlarla okulumuzdaki s\u0131n\u0131f\u0131na girmek suretiyle rastgele ate\u015f ederek okulda b\u00fcy\u00fck bir katliam yap\u0131yor.\u00a0 Bu hadisenin neticesinde 9 tane vefat\u0131m\u0131z var. Bunlardan 8 tanesi \u00f6\u011frenci bir tanesi \u00f6\u011fretmenimiz. 13 tane yaral\u0131m\u0131z var yaral\u0131lar\u0131n 6 tanesi yo\u011fun bak\u0131mda. 3&#8217;\u00fcn\u00fcn durumu da kritik.<\/p>\n<p>Ben \u00f6ncelikle bu menfur sald\u0131r\u0131da\u00a0 hayat\u0131n\u0131 kaybeden t\u00fcm \u00f6\u011frencilerimize ve \u00f6\u011fretmenimize Allah&#8217;tan rahmet diliyorum. Biz olay\u0131n duyulmas\u0131yla beraber olay yerine intikal ettik. Bir daha ifade etmek istiyorum olay sadece bir \u00f6\u011frencimizin ger\u00e7ekle\u015ftirdi\u011fi bireysel bir hadise bir ter\u00f6r hadisesi de\u011fil.<\/p>\n<p><strong>&#8220;KAHRAMANMARA\u015e&#8217;TA E\u011e\u0130T\u0130ME 2 G\u00dcN ARA VER\u0130YORUZ&#8221;<\/strong><\/p>\n<p>D\u00fcn \u015eanl\u0131urfa\u2019daki olaydan dolay\u0131 hafta sonuna kadar \u015eanl\u0131urfa\u2019da e\u011fitime ara vermi\u015ftik. Bug\u00fcn de Mara\u015f\u2019taki olaydan dolay\u0131 yar\u0131n ve bir g\u00fcn sonras\u0131nda e\u011fitime Mara\u015f\u2019ta iki g\u00fcn ara veriyoruz.<\/p>\n<p>&nbsp;<\/p>\n<p>Tekrar b\u00fct\u00fcn milletimize ve vefat edenlerin yak\u0131nlar\u0131na ba\u015fsa\u011fl\u0131\u011f\u0131 diliyorum. T\u00fcm bakanl\u0131klar\u0131m\u0131z \u00fczerine d\u00fc\u015fen g\u00f6revi yerine getiriyor. Herkes kendi g\u00f6rev alan\u0131yla ilgili gerekli m\u00fcdahaleleri yap\u0131yor.<\/p>\n<p>Biz \u0130\u00e7i\u015fleri Bakanl\u0131\u011f\u0131 olarak 4 tane m\u00fclkiye 4 tane de polis ba\u015f m\u00fcfetti\u015fi g\u00f6revlendirdik. Adalet Bakanl\u0131\u011f\u0131m\u0131z 3 tane Cumhuriyet Ba\u015fsavc\u0131 vekili 4 tane Cumhuriyet Savc\u0131s\u0131 g\u00f6revlendirdi.<\/p>\n<p>Yine Milli E\u011fitim Bakanl\u0131\u011f\u0131m\u0131z da bu olayla ilgili gerekli ba\u015fm\u00fcfetti\u015f g\u00f6revlendirmelerini yapt\u0131. B\u00f6ylece olaylar\u0131 t\u00fcm boyutlar\u0131yla incelemi\u015f olaca\u011f\u0131z.<\/p>\n<p>Ben tekrar t\u00fcm milletimize, aziz milletimize ba\u015fsa\u011fl\u0131\u011f\u0131 diliyorum. Yaral\u0131lara bir kez daha acil \u015fifalar diliyorum.<\/p>\n<p><strong>BAKANLAR SALDIRIDA YARALANANLARI Z\u0130YARET ETT\u0130<\/strong><\/p>\n<p>Kahramanmara\u015f S\u00fct\u00e7\u00fc \u0130mam \u00dcniversitesi Sa\u011fl\u0131k Uygulama ve Ara\u015ft\u0131rma Hastanesi&#8217;nde tedavi g\u00f6ren yaral\u0131lar\u0131 ziyaret eden bakanlar, yaral\u0131lar\u0131n sa\u011fl\u0131k durumuna ili\u015fkin yetkililerle g\u00f6r\u00fc\u015ft\u00fc.<\/p>\n<p>Bakanlar, daha sonra yo\u011fun bak\u0131m servisindeki yaral\u0131lar\u0131n durumuna ili\u015fkin doktorlardan bilgi ald\u0131.<\/p>\n<p>Yaral\u0131lardan 5. s\u0131n\u0131f \u00f6\u011frencisi Fatma \u0130kra \u00c7am, AA muhabirine, sald\u0131rgan\u0131n iki s\u0131n\u0131fa girdi\u011fini ve b\u00fcy\u00fck korku ya\u015fad\u0131klar\u0131n\u0131 anlatt\u0131.<\/p>\n<p>\u00c7am, &#8220;Can havliyle pencereden atlad\u0131m. A\u015fa\u011f\u0131da bulunan m\u00fcd\u00fcr yard\u0131mc\u0131lar\u0131 beni tuttu. \u0130lk ba\u015fta ne oldu\u011funu anlayamad\u0131k. Daha sonra arkada\u015flar\u0131m\u0131n yaraland\u0131\u011f\u0131n\u0131 g\u00f6r\u00fcnce herkes panikle pencereden atlad\u0131. Benim baca\u011f\u0131m k\u0131r\u0131ld\u0131.&#8221; dedi.<\/p>\n<\/div>\n","protected":false},"excerpt":{"rendered":"<p>Kahramanmara\u015f&#8217;\u0131n Oniki\u015fubat il\u00e7esinde ortaokulda ger\u00e7ekle\u015fen silahl\u0131 sald\u0131r\u0131 sonras\u0131nda \u0130\u00e7i\u015fleri Bakan\u0131 Mustafa \u00c7ift\u00e7i, Milli E\u011fitim Bakan\u0131 Yusuf Tekin, Adalet Bakan\u0131 Ak\u0131n G\u00fcrlek ve Sa\u011fl\u0131k Bakan\u0131 Kemal Memi\u015fo\u011flu ortak bas\u0131n toplant\u0131s\u0131 ger\u00e7ekle\u015ftirdi. \u0130\u00e7i\u015fleri Bakan\u0131 Mustafa \u00c7etin, sald\u0131r\u0131n\u0131n bireysel oldu\u011funu, ter\u00f6r sald\u0131r\u0131s\u0131 olmad\u0131\u011f\u0131n\u0131 belirtip can kayb\u0131 say\u0131s\u0131n\u0131n ise 9&#8217;a y\u00fckseldi\u011fini duyurdu. \u0130\u00e7i\u015fleri Bakan\u0131 \u00c7ift\u00e7i, Kahramanmara\u015f&#8217;ta e\u011fitim ve \u00f6\u011fretime [&hellip;]<\/p>\n","protected":false},"author":1,"featured_media":3260,"comment_status":"closed","ping_status":"closed","sticky":false,"template":"","format":"standard","meta":{"footnotes":""},"categories":[7,39],"tags":[],"class_list":["post-3258","post","type-post","status-publish","format-standard","has-post-thumbnail","hentry","category-gundem","category-haber"],"_links":{"self":[{"href":"https:\/\/avukatimtv.com\/index.php\/wp-json\/wp\/v2\/posts\/3258","targetHints":{"allow":["GET"]}}],"collection":[{"href":"https:\/\/avukatimtv.com\/index.php\/wp-json\/wp\/v2\/posts"}],"about":[{"href":"https:\/\/avukatimtv.com\/index.php\/wp-json\/wp\/v2\/types\/post"}],"author":[{"embeddable":true,"href":"https:\/\/avukatimtv.com\/index.php\/wp-json\/wp\/v2\/users\/1"}],"replies":[{"embeddable":true,"href":"https:\/\/avukatimtv.com\/index.php\/wp-json\/wp\/v2\/comments?post=3258"}],"version-history":[{"count":1,"href":"https:\/\/avukatimtv.com\/index.php\/wp-json\/wp\/v2\/posts\/3258\/revisions"}],"predecessor-version":[{"id":3261,"href":"https:\/\/avukatimtv.com\/index.php\/wp-json\/wp\/v2\/posts\/3258\/revisions\/3261"}],"wp:featuredmedia":[{"embeddable":true,"href":"https:\/\/avukatimtv.com\/index.php\/wp-json\/wp\/v2\/media\/3260"}],"wp:attachment":[{"href":"https:\/\/avukatimtv.com\/index.php\/wp-json\/wp\/v2\/media?parent=3258"}],"wp:term":[{"taxonomy":"category","embeddable":true,"href":"https:\/\/avukatimtv.com\/index.php\/wp-json\/wp\/v2\/categories?post=3258"},{"taxonomy":"post_tag","embeddable":true,"href":"https:\/\/avukatimtv.com\/index.php\/wp-json\/wp\/v2\/tags?post=3258"}],"curies":[{"name":"wp","href":"https:\/\/api.w.org\/{rel}","templated":true}]}}