{"id":3263,"date":"2026-04-15T18:56:07","date_gmt":"2026-04-15T15:56:07","guid":{"rendered":"https:\/\/avukatimtv.com\/?p=3263"},"modified":"2026-04-15T18:56:07","modified_gmt":"2026-04-15T15:56:07","slug":"gulistan-doku-dosyasinda-cok-carpici-ayrinti-ortaya-cikti-kaybolduktan-13-gun-sonra-3-saat-kullanip-delil-silmisler","status":"publish","type":"post","link":"https:\/\/avukatimtv.com\/index.php\/2026\/04\/15\/gulistan-doku-dosyasinda-cok-carpici-ayrinti-ortaya-cikti-kaybolduktan-13-gun-sonra-3-saat-kullanip-delil-silmisler\/","title":{"rendered":"G\u00fclistan Doku dosyas\u0131nda \u00e7ok \u00e7arp\u0131c\u0131 ayr\u0131nt\u0131 ortaya \u00e7\u0131kt\u0131: Kaybolduktan 13 g\u00fcn sonra 3 saat kullan\u0131p delil silmi\u015fler"},"content":{"rendered":"<div class=\"news-content__inf\">\n<h2>Tunceli\u2019de, 5 Ocak 2020\u2019den bu yana haber al\u0131namayan \u00fcniversite \u00f6\u011frencisi G\u00fclistan Doku soru\u015fturmas\u0131nda g\u00f6zalt\u0131na al\u0131nan ihra\u00e7 polis memuru G\u00f6khan Ertok\u2019un, Doku\u2019nun kaybolduktan 13 g\u00fcn sonra sim kart\u0131n\u0131 kulland\u0131\u011f\u0131 ve yakla\u015f\u0131k 3 saat boyunca kullan\u0131p veri transferi yapt\u0131\u011f\u0131 soru\u015fturma dosyas\u0131na girdi. Dosyada ayr\u0131ca, Ertok\u2019un d\u00f6nemin valisi Tuncay Sonel ile g\u00f6zalt\u0131nda bulunan Sonel\u2019in eski korumas\u0131 olan \u015e\u00fckr\u00fc Ero\u011flu\u2019yla g\u00f6r\u00fc\u015fmeleri ve birden fazla para transferinin oldu\u011funun tespit edildi\u011fi belirtildi.<\/h2>\n<\/div>\n<div class=\"news-content readingTime\">\n<p>Hakimler ve Savc\u0131lar Kurulu (HSK) 2024 Haziran kararnamesiyle Tunceli\u2019ye atanan T\u00fcrkiye&#8217;nin 3 kad\u0131n ba\u015fsavc\u0131s\u0131ndan biri olan Ebru Cansu, 5 Ocak 2020&#8217;den bu yana kay\u0131p olan G\u00fclistan Doku\u2019ya ili\u015fkin y\u00fcr\u00fct\u00fclen soru\u015fturmada \u00f6zel ekip kurulmas\u0131n\u0131 talep etti.<\/p>\n<p><img decoding=\"async\" src=\"https:\/\/image.hurimg.com\/i\/hurriyet\/90\/770x0\/69df4fd94812f38ad161dd98.jpg\" alt=\"G\u00fclistan Doku dosyas\u0131nda \u00e7ok \u00e7arp\u0131c\u0131 ayr\u0131nt\u0131 ortaya \u00e7\u0131kt\u0131: Kaybolduktan 13 g\u00fcn sonra 3 saat kullan\u0131p delil silmi\u015fler\" \/><\/p>\n<p>Soru\u015fturmada Doku&#8217;nun kaybolmadan \u00f6nceki g\u00fcn ve kayboldu\u011fu g\u00fcne ait kentteki t\u00fcm KGYS g\u00f6r\u00fcnt\u00fcleri ve PTS kay\u0131tlar\u0131 yeniden topland\u0131. G\u00fclistan&#8217;a ait yeni g\u00f6r\u00fcnt\u00fclerin de bulundu\u011fu, 67&#8217;si ana arter olmak \u00fczere toplamda 70 KGYS ile g\u00fcvenlik kameralar\u0131na ait ek 700 saatlik g\u00f6r\u00fcnt\u00fc de dosyaya girdi. Soru\u015fturmada, cinayet \u015f\u00fcphesiyle 13 \u015f\u00fcphelinin yakalanmas\u0131na y\u00f6nelik 7 ilde e\u015f zamanl\u0131 operasyon d\u00fczenlendi. Aralar\u0131nda Doku&#8217;nun erkek arkada\u015f\u0131 Zeynel A. ve d\u00f6nemin Tunceli Valisi Tuncay Sonel&#8217;in o\u011flu M.T.S.&#8217;nin de bulundu\u011fu 13 ki\u015fi g\u00f6zalt\u0131na al\u0131nd\u0131. Soru\u015fturma kapsam\u0131nda hakk\u0131nda yakalama karar\u0131 verilen yurt d\u0131\u015f\u0131ndaki 14&#8217;\u00fcnc\u00fc \u015f\u00fcpheli i\u00e7in k\u0131rm\u0131z\u0131 b\u00fclten talebinde bulunulaca\u011f\u0131 \u00f6\u011frenildi.<\/p>\n<p><img decoding=\"async\" src=\"https:\/\/image.hurimg.com\/i\/hurriyet\/90\/770x0\/69df4fd84812f38ad161dd88.jpg\" alt=\"G\u00fclistan Doku dosyas\u0131nda \u00e7ok \u00e7arp\u0131c\u0131 ayr\u0131nt\u0131 ortaya \u00e7\u0131kt\u0131: Kaybolduktan 13 g\u00fcn sonra 3 saat kullan\u0131p delil silmi\u015fler\" \/><\/p>\n<p><strong>SIM KARTININ \u0130Z\u0130 S\u00dcR\u00dcLD\u00dc<\/strong><\/p>\n<p>Cumhuriyet Ba\u015fsavc\u0131s\u0131 Ebru Cansu\u2019nun y\u00fcr\u00fctt\u00fc\u011f\u00fc \u00e7al\u0131\u015fmalarda, sim kart\u0131n ve telefonun IMEI numaras\u0131n\u0131n izi s\u00fcr\u00fcld\u00fc. BTK\u2019den gelen veriler do\u011frultusunda, sim kart\u0131n bir cihaza tak\u0131larak u\u00e7ak modunda bir i\u015f yerinin kablosuz internetine ba\u011fland\u0131\u011f\u0131 saptand\u0131. IP adresi ve cihaz\u0131n IMEI numaras\u0131ndan yola \u00e7\u0131kan ekipler, telefonun 13 g\u00fcn sonra polislikten ihra\u00e7 edilen G\u00f6khan Ertok taraf\u0131ndan kullan\u0131ld\u0131\u011f\u0131n\u0131 belirledi.<\/p>\n<div class=\"news-fullwith-img\"><img decoding=\"async\" src=\"https:\/\/image.hurimg.com\/i\/hurriyet\/90\/770x0\/69df4fd84812f38ad161dd8c.jpg\" alt=\"G\u00fclistan Doku dosyas\u0131nda \u00e7ok \u00e7arp\u0131c\u0131 ayr\u0131nt\u0131 ortaya \u00e7\u0131kt\u0131: Kaybolduktan 13 g\u00fcn sonra 3 saat kullan\u0131p delil silmi\u015fler\" \/><\/div>\n<div class=\"news-fullwith-img\">\n<p>\u015e\u00fcpheli s\u0131fat\u0131yla dosyaya giren ve operasyonla g\u00f6zalt\u0131na al\u0131nan G\u00f6khan Ertok\u2019un HTS kay\u0131tlar\u0131 ve banka d\u00f6k\u00fcmanlar\u0131 \u00fczerinde yap\u0131lan incelemede, d\u00f6nemin valisi Tuncay Sonel ve yine g\u00f6zalt\u0131nda bulunan eski koruma \u015e\u00fckr\u00fc Ero\u011flu ile g\u00f6r\u00fc\u015fme trafi\u011fi ve birden fazla para transferi ger\u00e7ekle\u015ftirdi\u011fi tespit edildi. Savc\u0131l\u0131k, \u015f\u00fcphelinin G\u00fclistan Doku\u2019nun sanal medya hesab\u0131na \u2018\u015fifremi unuttum\u2019 y\u00f6ntemiyle tek kullan\u0131ml\u0131k \u015fifre alarak giri\u015f yapt\u0131\u011f\u0131n\u0131 belirledi. Ulusal Kriminal Dairesi uzmanlar\u0131n\u0131n incelemesi sonucu, Ertok\u2019un hesaba girerek sanal medyadaki arkada\u015f listesinden 2 ki\u015fiyi sildi\u011fi tespit edildi. \u015e\u00fcphelinin, ayr\u0131ca yakla\u015f\u0131k 3 saat boyunca veri transferi yapt\u0131\u011f\u0131 belirlendi.<\/p>\n<p>&nbsp;<\/p>\n<div class=\"news-fullwith-img\"><img decoding=\"async\" src=\"https:\/\/image.hurimg.com\/i\/hurriyet\/90\/770x0\/69df4fd94812f38ad161dd94.jpg\" alt=\"G\u00fclistan Doku dosyas\u0131nda \u00e7ok \u00e7arp\u0131c\u0131 ayr\u0131nt\u0131 ortaya \u00e7\u0131kt\u0131: Kaybolduktan 13 g\u00fcn sonra 3 saat kullan\u0131p delil silmi\u015fler\" \/><\/p>\n<p><strong>\u2018SANAL MEDYA HESABINA G\u0130RD\u0130M, TELEFONA TAKTI\u011eIMI HATIRLAMIYORUM\u2019<\/strong><\/p>\n<p>Ankara\u2019da JASAT ekiplerince g\u00f6zalt\u0131na al\u0131nan ve ifade i\u015flemleri i\u00e7in Tunceli \u0130l Jandarma Komutanl\u0131\u011f\u0131\u2019na getirilen G\u00f6khan Ertok, \u00f6n m\u00fclakatta G\u00fclistan Doku\u2019nun sanal medya hesab\u0131na girdi\u011fini, ancak sim kart\u0131 bir telefona takt\u0131\u011f\u0131n\u0131 hat\u0131rlamad\u0131\u011f\u0131n\u0131 \u00f6ne s\u00fcrerek avukat talep etti. Tunceli Barosu\u2019nun, G\u00fclistan Doku dosyas\u0131ndaki \u015f\u00fcphelileri savunmama karar\u0131 almas\u0131 \u00fczerine, \u015f\u00fcpheli i\u00e7in Elaz\u0131\u011f\u2019dan avukat g\u00f6revlendirildi.<\/p>\n<p><img decoding=\"async\" src=\"https:\/\/image.hurimg.com\/i\/hurriyet\/90\/770x0\/69df4fd94812f38ad161dd92.jpg\" alt=\"G\u00fclistan Doku dosyas\u0131nda \u00e7ok \u00e7arp\u0131c\u0131 ayr\u0131nt\u0131 ortaya \u00e7\u0131kt\u0131: Kaybolduktan 13 g\u00fcn sonra 3 saat kullan\u0131p delil silmi\u015fler\" \/><\/p>\n<p><strong>AVUKAT \u00c7\u0130MEN: SIM KART S\u0130BER \u00c7ETEYE TESL\u0130M ED\u0130LM\u0130\u015e<\/strong><\/p>\n<p>Doku ailesinin avukat\u0131 Ali \u00c7imen, yapt\u0131\u011f\u0131 a\u00e7\u0131klamada G\u00fclistan Doku\u2019ya ait sim kart\u0131n bir siber \u00e7eteye teslim edildi\u011fini belirterek, \u201cG\u00fclistan Doku dosyas\u0131nda \u0131srarla bir \u00fcst d\u00fczey kamu g\u00f6revlisinin dosyay\u0131 \u00f6rtbas etti\u011fini belirtmi\u015ftik. Geldi\u011fimiz bu a\u015famada \u00fcst d\u00fczey kamu g\u00f6revlisinin Tuncay Sonel oldu\u011funu daha \u00f6nce de savc\u0131l\u0131\u011fa belirtmi\u015ftik. Dilek\u00e7e ile hakk\u0131nda \u015fikayetlerimiz s\u00f6z konusu olmu\u015ftu. Tuncay Sonel, G\u00fclistan Doku\u2019ya ait sim kart\u0131, kayboldu\u011fu tarih olan 05.01.2020 tarihinden sonra devam eden g\u00fcnlerde, 18.01.2020\u2019de bir siber \u00e7ete ile ileti\u015fime ge\u00e7ip, kendisine g\u00f6revi ile ilgili teslim edilen G\u00fclistan Doku\u2019nun sim kart\u0131n\u0131 teslim edip, sanal medya hesab\u0131nda birilerinin silinmesini sa\u011flam\u0131\u015ft\u0131r. \u015eu an bunu ger\u00e7ekle\u015ftiren ki\u015fi G\u00f6khan Ertok, bize mail vas\u0131tas\u0131yla ula\u015fm\u0131\u015ft\u0131. Rumuz kullanm\u0131\u015ft\u0131 ama kendisinin oldu\u011fu anla\u015f\u0131l\u0131yordu. Eylemini de belirtiyordu. Eylem ise dosyam\u0131zla \u00f6rt\u00fc\u015f\u00fcyordu. G\u00fclistan\u2019a ait SIM kart, Tuncay Sonel taraf\u0131ndan bir siber \u00e7eteye teslim ediliyor. Ve bu \u00e7ete taraf\u0131ndan G\u00fclistan\u2019a ait veriler siliniyor. Bu hususta hi\u00e7bir teredd\u00fct yok\u201d dedi.<\/p>\n<p><img decoding=\"async\" src=\"https:\/\/image.hurimg.com\/i\/hurriyet\/90\/770x0\/69df4fd94812f38ad161dd9a.jpg\" alt=\"G\u00fclistan Doku dosyas\u0131nda \u00e7ok \u00e7arp\u0131c\u0131 ayr\u0131nt\u0131 ortaya \u00e7\u0131kt\u0131: Kaybolduktan 13 g\u00fcn sonra 3 saat kullan\u0131p delil silmi\u015fler\" \/><\/p>\n<p>&nbsp;<\/p>\n<p><strong>\u2018DOSYAYA M\u00dcDAHALELER\u0130 \u00c7OK A\u00c7IK B\u0130R \u015eEK\u0130LDE VAR\u2019<\/strong><\/p>\n<p>Avukat \u00c7imen, Adalet Bakanl\u0131\u011f\u0131\u2019n\u0131n \u00fczerine d\u00fc\u015ft\u00fc\u011f\u00fcn\u00fc yapt\u0131\u011f\u0131n\u0131 ifade ederek, \u201cYine burada g\u00f6rev alan G\u00f6khan ile Tuncay Sonel aras\u0131nda HTS baz kay\u0131tlar\u0131 da var. Tuncay Sonel&#8217;in koruma m\u00fcd\u00fcr\u00fc taraf\u0131ndan kendisine defaatle para g\u00f6nderildi\u011fi hususu da banka kay\u0131tlar\u0131yla sabit. Tuncay Sonel&#8217;in de art\u0131k eylemi net bir \u015fekilde ortaya \u00e7\u0131kt\u0131. Dosyaya m\u00fcdahaleleri \u00e7ok a\u00e7\u0131k bir \u015fekilde var. Halen de m\u00fclkiye ba\u015fm\u00fcfetti\u015fi olarak g\u00f6rev yap\u0131yor olmas\u0131, dosyam\u0131z\u0131n sa\u011fl\u0131kl\u0131 bir \u015fekilde y\u00fcr\u00fct\u00fclmesine engel oluyor. Dosyam\u0131z 6 y\u0131ld\u0131r s\u00fcr\u00fcncemedeydi. Adalet Bakan\u0131\u2019n\u0131n de\u011fi\u015fimiyle beraber dosyada bir ilerleme sa\u011fland\u0131\u011f\u0131n\u0131 g\u00f6r\u00fcyoruz. Bir hukuk\u00e7u olarak dosya \u00fczerinden konu\u015fuyorum, bunu da a\u00e7\u0131k\u00e7a belirtmek isterim. Adalet Bakanl\u0131\u011f\u0131 burada kendi g\u00f6revini yerine getirmi\u015ftir. Sonel\u2019in halen m\u00fclkiye ba\u015fm\u00fcfetti\u015fi olarak g\u00f6revde olmas\u0131 \u0130\u00e7i\u015fleri Bakanl\u0131\u011f\u0131\u2019n\u0131n tasarrufunda olan bir konudur. Dosyaya m\u00fcdahalesi a\u00e7\u0131k bir \u015fekilde ortadad\u0131r. Maddi delilleriyle ortaya konu\u015fmu\u015f durumda. Art\u0131k burada da Tunceli Cumhuriyet Ba\u015fsavc\u0131l\u0131\u011f\u0131\u2019n\u0131n elini g\u00fc\u00e7lendirmek laz\u0131m. \u0130\u00e7i\u015fleri Bakanl\u0131\u011f\u0131\u2019n\u0131n bu ki\u015fiyi a\u00e7\u0131\u011fa almas\u0131n\u0131 talep ediyoruz. Ard\u0131ndan da g\u00f6zalt\u0131 kararlar\u0131 gelecektir\u201d diye konu\u015ftu.<\/p>\n<p><img decoding=\"async\" src=\"https:\/\/image.hurimg.com\/i\/hurriyet\/90\/770x0\/69df67ee2819415d8e0217f7.jpg\" alt=\"G\u00fclistan Doku dosyas\u0131nda \u00e7ok \u00e7arp\u0131c\u0131 ayr\u0131nt\u0131 ortaya \u00e7\u0131kt\u0131: Kaybolduktan 13 g\u00fcn sonra 3 saat kullan\u0131p delil silmi\u015fler\" \/><\/p>\n<p><strong>G\u00dcL\u0130STAN&#8217;IN ABLASI AYG\u00dcL DOKU KONU\u015eTU<\/strong><\/p>\n<p>5 Ocak 2020\u2019den bu yana\u00a0haber\u00a0al\u0131namayan \u00fcniversite \u00f6\u011frencisi G\u00fclistan Doku soru\u015fturmas\u0131nda geli\u015fmeleri takip etmek \u00fczere ailesiyle Tunceli Adliyesi&#8217;ne gelen G\u00fclistan&#8217;\u0131n ablas\u0131 Ayg\u00fcl Doku, a\u00e7\u0131klamalarda bulundu. Doku, \u201cBug\u00fcne kadar a\u00e7\u0131klamam\u0131\u015ft\u0131m, a\u00e7\u0131klayaca\u011f\u0131m. Bundan 5-6 ay \u00f6ncesine kadar da Mustafa T\u00fcrkay Sonel\u2019in ismini dahi bilmiyorduk. Gizlilik var diye savc\u0131l\u0131ktan da \u00f6\u011frenemedik. Biz bu bilgiyi Alta\u015f ailesinden \u00f6\u011frendik. Amerika\u2019ya ka\u00e7an Umut Alta\u015f\u2019tan bu bilgiyi \u00f6\u011frendik. Bana bu bilgiyi anlatmak istemi\u015f ama anlatamam\u0131\u015f. Baroya bir not b\u0131rak\u0131yor. &#8216;G\u00fclistan\u2019\u0131 \u00f6ld\u00fcren Vali\u2019nin o\u011fludur&#8217; diye. Notun \u00fczerinde pek durmuyorlar. Umut Alta\u015f\u2019\u0131n ailesini \u00f6\u011frendik ve g\u00f6r\u00fc\u015fmeye gittik. Daha ilk ba\u015fta bize ailesi \u2018Allah rahmet eylesin\u2019 dedi. Biz \u015f\u00fcphelendik. Bug\u00fcne kadar kimse b\u00f6yle bir \u015fey s\u00f6ylememi\u015fti. \u2018Bize niye ba\u015fsa\u011fl\u0131\u011f\u0131 dilediniz\u2019 dedi\u011fimizde, anne ve babas\u0131 \u2018O\u011flumuzun tek bir su\u00e7u var, o da Vali&#8217;nin o\u011fluyla arkada\u015f olmas\u0131d\u0131r. Biz o\u011flumuzu \u00e7ok uyard\u0131k, bu ki\u015fi tekin de\u011fil dedik\u2019 dediler. Tabii bunlar\u0131n ses kay\u0131tlar\u0131 da var. Hukuki \u015fekilde ba\u015fsavc\u0131l\u0131\u011fa iletip \u015fikayet\u00e7i de olduk. \u2018Benim o\u011flumun ba\u015f\u0131n\u0131 yakt\u0131lar\u2019 dediklerinde \u015f\u00fcphelendik, ara\u015ft\u0131r\u0131nca o\u011flunun Amerika\u2019ya ka\u00e7t\u0131\u011f\u0131n\u0131 \u00f6\u011frendik. \u2018O zaman siz yapt\u0131n\u0131z\u2019 deyince \u2018Hay\u0131r kesinlikle, o\u011flumun telefonu var, aray\u0131n konu\u015fun\u2019 dediler. Onunla bizzat g\u00f6r\u00fc\u015ft\u00fcm. 6-7 ay \u00f6nceye kadar karde\u015fimi Zeynel A. \u00f6ld\u00fcrd\u00fc san\u0131yordum. Cinayete kurban gitti\u011fini, Tuncay Sonel\u2019in o\u011flu taraf\u0131ndan \u00f6ld\u00fcr\u00fcld\u00fc\u011f\u00fcn\u00fc Amerika\u2019ya ka\u00e7an \u00e7ocuk ve ailesinden \u00f6\u011frendim\u201d dedi.<br \/>\n<img decoding=\"async\" src=\"https:\/\/image.hurimg.com\/i\/hurriyet\/90\/770x0\/69df67fc2819415d8e0217fe.jpg\" alt=\"G\u00fclistan Doku dosyas\u0131nda \u00e7ok \u00e7arp\u0131c\u0131 ayr\u0131nt\u0131 ortaya \u00e7\u0131kt\u0131: Kaybolduktan 13 g\u00fcn sonra 3 saat kullan\u0131p delil silmi\u015fler\" \/><\/p>\n<p><strong>\u2018HASTANE KAYITLARI S\u0130L\u0130NM\u0130\u015e\u2019<\/strong><\/p>\n<p>G\u00fclistan Doku\u2019nun olay g\u00fcn\u00fc hastaneye kald\u0131r\u0131ld\u0131\u011f\u0131n\u0131 ve hastane kay\u0131tlar\u0131n\u0131n silindi\u011fini \u00f6\u011frendiklerini belirten Ayg\u00fcl Doku, \u201cSay\u0131n Adalet Bakan\u0131m\u0131z Ak\u0131n G\u00fcrlek \u00e7ok b\u00fcy\u00fck, tarihi bir ad\u0131m att\u0131. Bunun i\u00e7in minnettar\u0131z. Bu dosya \u00e7\u00f6z\u00fclm\u00fc\u015fse, \u2018G\u00fclistan Doku nerede\u2019 diyen halk\u0131m\u0131z, siz bas\u0131n emek\u00e7ilerimiz ve Tunceli\u2019ye gelen say\u0131n ba\u015fsavc\u0131m Ebru Cansu\u2019nun kuyudan i\u011fneyle kazarak delil bulmas\u0131yla oldu. Bu cinayet \u00e7\u00f6z\u00fclm\u00fc\u015ft\u00fcr. Anlad\u0131\u011f\u0131m\u0131z kadar\u0131yla G\u00fclistan\u2019\u0131 vurmu\u015flar. Onu hastaneye g\u00f6t\u00fcrmeye \u00e7al\u0131\u015fm\u0131\u015flar. G\u00fclistan ya\u015famay\u0131nca da hastane kay\u0131tlar\u0131 silinmi\u015f. Alta\u015f ailesinin bize aktard\u0131klar\u0131 bunlar\u201d diye konu\u015ftu.<\/p>\n<p><img decoding=\"async\" src=\"https:\/\/image.hurimg.com\/i\/hurriyet\/90\/770x0\/69df6cd32819415d8e02185a.jpg\" alt=\"G\u00fclistan Doku dosyas\u0131nda \u00e7ok \u00e7arp\u0131c\u0131 ayr\u0131nt\u0131 ortaya \u00e7\u0131kt\u0131: Kaybolduktan 13 g\u00fcn sonra 3 saat kullan\u0131p delil silmi\u015fler\" \/><\/p>\n<p><strong>PTS KAYITLARI ORTAYA \u00c7IKTI<\/strong><\/p>\n<p>G\u00fclistan Doku soru\u015fturmas\u0131nda g\u00f6zalt\u0131na al\u0131nan \u015f\u00fcphelilerden Vali Tuncay Sonel\u2019in o\u011flu Mustafa T\u00fcrkay Sonel ile Amerika\u2019ya ka\u00e7an ve hakk\u0131nda k\u0131rm\u0131z\u0131 b\u00fcltenle yakalama karar\u0131 \u00e7\u0131kar\u0131lan arkada\u015f\u0131 Umut Alta\u015f&#8217;\u0131n, olay g\u00fcn\u00fc ayn\u0131 ara\u00e7ta oldu\u011fu Plaka Tan\u0131ma Sistemi (PTS) kay\u0131tlar\u0131 ortaya \u00e7\u0131kt\u0131. Soru\u015fturma dosyas\u0131na eklenen kay\u0131tlarda, otomobili Mustafa T\u00fcrkay Sonel\u2019in kulland\u0131\u011f\u0131, Umut Alta\u015f\u2019\u0131n da yan\u0131ndaki yolcu koltu\u011funda oturdu\u011fu g\u00f6r\u00fcld\u00fc. Soru\u015fturmaya giren kay\u0131tlarda ayr\u0131ca, Sar\u0131saltuk Viyad\u00fc\u011f\u00fc\u2019n\u00fcn yak\u0131n\u0131ndaki PTS\u2019de arac\u0131n Pertek istikametine \u00e7\u0131k\u0131\u015f\u0131na ait kay\u0131tlar\u0131n ortada olmad\u0131\u011f\u0131, ancak saat 22.07\u2019de arac\u0131n kente giri\u015fine ait kay\u0131tlar\u0131n oldu\u011fu belirtildi. Kay\u0131tlar\u0131n, \u0130l Emniyet M\u00fcd\u00fcrl\u00fc\u011f\u00fc taraf\u0131ndan haz\u0131rlanan istihbarat notuyla\u00a0Tunceli\u00a0Cumhuriyet Ba\u015fsavc\u0131l\u0131\u011f\u0131\u2019na g\u00f6nderildi\u011fi, Ba\u015fsavc\u0131 Ebru Cansu taraf\u0131ndan da soru\u015fturma dosyas\u0131na eklendi\u011fi belirtildi.<\/p>\n<p><img decoding=\"async\" src=\"https:\/\/image.hurimg.com\/i\/hurriyet\/90\/770x0\/69df74712819415d8e02189c.jpg\" alt=\"G\u00fclistan Doku dosyas\u0131nda \u00e7ok \u00e7arp\u0131c\u0131 ayr\u0131nt\u0131 ortaya \u00e7\u0131kt\u0131: Kaybolduktan 13 g\u00fcn sonra 3 saat kullan\u0131p delil silmi\u015fler\" \/><\/p>\n<p><strong>\u015e\u00dcPHEL\u0130LER\u0130N JANDARMADAK\u0130 \u0130FADE \u0130\u015eLEMLER\u0130 BA\u015eLADI<\/strong><\/p>\n<p>G\u00fclistan Doku\u00a0soru\u015fturmas\u0131nda g\u00f6zalt\u0131na al\u0131nan ve Doku\u2019nun kaybolduktan 13 g\u00fcn sonra sim kart\u0131n\u0131 yakla\u015f\u0131k 3 saat kulland\u0131\u011f\u0131 belirlenen ihra\u00e7 polis memuru G\u00f6khan Ertok\u2019un, \u0130l Jandarma Komutanl\u0131\u011f\u0131\u2019nda ifade i\u015flemleri ba\u015flad\u0131. Soru\u015fturmada g\u00f6zalt\u0131na al\u0131nan 13 \u015f\u00fcphelinin ifade i\u015flemlerine, Ertok ile ba\u015fland\u0131\u011f\u0131 \u00f6\u011frenildi.<\/p>\n<\/div>\n<\/div>\n<\/div>\n","protected":false},"excerpt":{"rendered":"<p>Tunceli\u2019de, 5 Ocak 2020\u2019den bu yana haber al\u0131namayan \u00fcniversite \u00f6\u011frencisi G\u00fclistan Doku soru\u015fturmas\u0131nda g\u00f6zalt\u0131na al\u0131nan ihra\u00e7 polis memuru G\u00f6khan Ertok\u2019un, Doku\u2019nun kaybolduktan 13 g\u00fcn sonra sim kart\u0131n\u0131 kulland\u0131\u011f\u0131 ve yakla\u015f\u0131k 3 saat boyunca kullan\u0131p veri transferi yapt\u0131\u011f\u0131 soru\u015fturma dosyas\u0131na girdi. Dosyada ayr\u0131ca, Ertok\u2019un d\u00f6nemin valisi Tuncay Sonel ile g\u00f6zalt\u0131nda bulunan Sonel\u2019in eski korumas\u0131 olan \u015e\u00fckr\u00fc [&hellip;]<\/p>\n","protected":false},"author":1,"featured_media":3265,"comment_status":"closed","ping_status":"closed","sticky":false,"template":"","format":"standard","meta":{"footnotes":""},"categories":[7,39],"tags":[],"class_list":["post-3263","post","type-post","status-publish","format-standard","has-post-thumbnail","hentry","category-gundem","category-haber"],"_links":{"self":[{"href":"https:\/\/avukatimtv.com\/index.php\/wp-json\/wp\/v2\/posts\/3263","targetHints":{"allow":["GET"]}}],"collection":[{"href":"https:\/\/avukatimtv.com\/index.php\/wp-json\/wp\/v2\/posts"}],"about":[{"href":"https:\/\/avukatimtv.com\/index.php\/wp-json\/wp\/v2\/types\/post"}],"author":[{"embeddable":true,"href":"https:\/\/avukatimtv.com\/index.php\/wp-json\/wp\/v2\/users\/1"}],"replies":[{"embeddable":true,"href":"https:\/\/avukatimtv.com\/index.php\/wp-json\/wp\/v2\/comments?post=3263"}],"version-history":[{"count":1,"href":"https:\/\/avukatimtv.com\/index.php\/wp-json\/wp\/v2\/posts\/3263\/revisions"}],"predecessor-version":[{"id":3266,"href":"https:\/\/avukatimtv.com\/index.php\/wp-json\/wp\/v2\/posts\/3263\/revisions\/3266"}],"wp:featuredmedia":[{"embeddable":true,"href":"https:\/\/avukatimtv.com\/index.php\/wp-json\/wp\/v2\/media\/3265"}],"wp:attachment":[{"href":"https:\/\/avukatimtv.com\/index.php\/wp-json\/wp\/v2\/media?parent=3263"}],"wp:term":[{"taxonomy":"category","embeddable":true,"href":"https:\/\/avukatimtv.com\/index.php\/wp-json\/wp\/v2\/categories?post=3263"},{"taxonomy":"post_tag","embeddable":true,"href":"https:\/\/avukatimtv.com\/index.php\/wp-json\/wp\/v2\/tags?post=3263"}],"curies":[{"name":"wp","href":"https:\/\/api.w.org\/{rel}","templated":true}]}}