{"id":3269,"date":"2026-04-18T17:42:35","date_gmt":"2026-04-18T14:42:35","guid":{"rendered":"https:\/\/avukatimtv.com\/?p=3269"},"modified":"2026-04-18T17:42:35","modified_gmt":"2026-04-18T14:42:35","slug":"cinayet-zanlisi-estetikle-bambaska-biri-oldu-turkiyeye-adim-atar-atmaz-yakalandi","status":"publish","type":"post","link":"https:\/\/avukatimtv.com\/index.php\/2026\/04\/18\/cinayet-zanlisi-estetikle-bambaska-biri-oldu-turkiyeye-adim-atar-atmaz-yakalandi\/","title":{"rendered":"Cinayet zanl\u0131s\u0131 estetikle bamba\u015fka biri oldu! T\u00fcrkiye\u2019ye ad\u0131m atar atmaz yakaland\u0131"},"content":{"rendered":"<h2 class=\"mb-24\">Ankara\u2019da 2010 y\u0131l\u0131nda i\u015flenen cinayetin azmettiricisi oldu\u011fu belirlenen ve 7 y\u0131ld\u0131r yurt d\u0131\u015f\u0131nda firari olan \u015f\u00fcpheli, T\u00fcrkiye\u2019ye d\u00f6nd\u00fckten sonra yakaland\u0131. Estetik ameliyatlarla y\u00fcz\u00fcn\u00fc de\u011fi\u015ftirip kendisini karde\u015fine benzeten zanl\u0131n\u0131n, karde\u015finin kimli\u011fiyle \u00fclkeye giri\u015f yapt\u0131\u011f\u0131 ortaya \u00e7\u0131kt\u0131. Emniyetteki i\u015flemlerinin ard\u0131ndan adliyeye sevk edilen \u015f\u00fcpheli tutukland\u0131.<\/h2>\n<div id=\"google_ads_iframe_\/29678983\/Haberler\/\/Desktop\/Detaysayfa_membrana_float_0__container__\">Ankara&#8217;n\u0131n Yenimahalle il\u00e7esine ba\u011fl\u0131 Demetevler semtinde 29 Ekim 2010&#8217;da otomobili 28 kur\u015funla taranan ve hayat\u0131n\u0131 kaybeden Burak \u015een (26), cinayetini azmettirdi\u011fi tespit edilen Bar\u0131\u015f Mirza yurt d\u0131\u015f\u0131na ka\u00e7t\u0131. 7 senedir firari olarak G\u00fcrcistan&#8217;da ya\u015fad\u0131\u011f\u0131 \u00f6\u011frenilen Mirza, T\u00fcrkiye&#8217;ye d\u00f6nd\u00fckten sonra Ankara Emniyet M\u00fcd\u00fcrl\u00fc\u011f\u00fc Ter\u00f6rle M\u00fccadele \u015eube M\u00fcd\u00fcrl\u00fc\u011f\u00fc Aranan \u015eah\u0131slar k\u0131s\u0131m ekiplerinin yapt\u0131\u011f\u0131 \u00e7al\u0131\u015fmalar sonucu yakaland\u0131.<\/div>\n<div>\n<h3>ESTET\u0130KLE Y\u00dcZ\u00dcN\u00dc DE\u011e\u0130\u015eT\u0130RD\u0130<\/h3>\n<p>Mirza&#8217;n\u0131n burnundan, dudaklar\u0131ndan, \u00e7enesinden olmak \u00fczere y\u00fcz\u00fcnde estetik ameliyatlar ge\u00e7irdi\u011fi, sa\u00e7 ekimi yapt\u0131rd\u0131\u011f\u0131 ve y\u00fcz\u00fcn\u00fc de\u011fi\u015ftirerek kendisini karde\u015fine benzemeye \u00e7al\u0131\u015ft\u0131\u011f\u0131 tespit edildi. Karde\u015finin kimli\u011fi ile T\u00fcrkiye&#8217;ye giren \u015f\u00fcphelinin ameliyatlar ile karde\u015fine benzeyerek \u00fclke i\u00e7inde ka\u00e7may\u0131 s\u00fcrd\u00fcrmeyi planlad\u0131\u011f\u0131 \u00f6\u011frenildi.<\/p>\n<p>Emniyetteki i\u015flemleri tamamlanan \u015f\u00fcpheli \u00e7\u0131kar\u0131ld\u0131\u011f\u0131 adli makamlarca tutukland\u0131.<\/p>\n<\/div>\n<div><\/div>\n","protected":false},"excerpt":{"rendered":"<p>Ankara\u2019da 2010 y\u0131l\u0131nda i\u015flenen cinayetin azmettiricisi oldu\u011fu belirlenen ve 7 y\u0131ld\u0131r yurt d\u0131\u015f\u0131nda firari olan \u015f\u00fcpheli, T\u00fcrkiye\u2019ye d\u00f6nd\u00fckten sonra yakaland\u0131. Estetik ameliyatlarla y\u00fcz\u00fcn\u00fc de\u011fi\u015ftirip kendisini karde\u015fine benzeten zanl\u0131n\u0131n, karde\u015finin kimli\u011fiyle \u00fclkeye giri\u015f yapt\u0131\u011f\u0131 ortaya \u00e7\u0131kt\u0131. Emniyetteki i\u015flemlerinin ard\u0131ndan adliyeye sevk edilen \u015f\u00fcpheli tutukland\u0131. Ankara&#8217;n\u0131n Yenimahalle il\u00e7esine ba\u011fl\u0131 Demetevler semtinde 29 Ekim 2010&#8217;da otomobili 28 kur\u015funla [&hellip;]<\/p>\n","protected":false},"author":1,"featured_media":3270,"comment_status":"closed","ping_status":"closed","sticky":false,"template":"","format":"standard","meta":{"footnotes":""},"categories":[7,39],"tags":[],"class_list":["post-3269","post","type-post","status-publish","format-standard","has-post-thumbnail","hentry","category-gundem","category-haber"],"_links":{"self":[{"href":"https:\/\/avukatimtv.com\/index.php\/wp-json\/wp\/v2\/posts\/3269","targetHints":{"allow":["GET"]}}],"collection":[{"href":"https:\/\/avukatimtv.com\/index.php\/wp-json\/wp\/v2\/posts"}],"about":[{"href":"https:\/\/avukatimtv.com\/index.php\/wp-json\/wp\/v2\/types\/post"}],"author":[{"embeddable":true,"href":"https:\/\/avukatimtv.com\/index.php\/wp-json\/wp\/v2\/users\/1"}],"replies":[{"embeddable":true,"href":"https:\/\/avukatimtv.com\/index.php\/wp-json\/wp\/v2\/comments?post=3269"}],"version-history":[{"count":1,"href":"https:\/\/avukatimtv.com\/index.php\/wp-json\/wp\/v2\/posts\/3269\/revisions"}],"predecessor-version":[{"id":3271,"href":"https:\/\/avukatimtv.com\/index.php\/wp-json\/wp\/v2\/posts\/3269\/revisions\/3271"}],"wp:featuredmedia":[{"embeddable":true,"href":"https:\/\/avukatimtv.com\/index.php\/wp-json\/wp\/v2\/media\/3270"}],"wp:attachment":[{"href":"https:\/\/avukatimtv.com\/index.php\/wp-json\/wp\/v2\/media?parent=3269"}],"wp:term":[{"taxonomy":"category","embeddable":true,"href":"https:\/\/avukatimtv.com\/index.php\/wp-json\/wp\/v2\/categories?post=3269"},{"taxonomy":"post_tag","embeddable":true,"href":"https:\/\/avukatimtv.com\/index.php\/wp-json\/wp\/v2\/tags?post=3269"}],"curies":[{"name":"wp","href":"https:\/\/api.w.org\/{rel}","templated":true}]}}