{"id":3272,"date":"2026-04-18T17:49:39","date_gmt":"2026-04-18T14:49:39","guid":{"rendered":"https:\/\/avukatimtv.com\/?p=3272"},"modified":"2026-04-18T17:49:39","modified_gmt":"2026-04-18T14:49:39","slug":"kartalda-ruhan-calu-vahsice-oldurulmustu-kan-donduran-detay-katil-universite-ogrencisi-cikti","status":"publish","type":"post","link":"https:\/\/avukatimtv.com\/index.php\/2026\/04\/18\/kartalda-ruhan-calu-vahsice-oldurulmustu-kan-donduran-detay-katil-universite-ogrencisi-cikti\/","title":{"rendered":"Kartal\u2019da Ruhan \u00c7alu vah\u015fice \u00f6ld\u00fcr\u00fclm\u00fc\u015ft\u00fc! Kan donduran detay: Katil \u00fcniversite \u00f6\u011frencisi \u00e7\u0131kt\u0131\u2026"},"content":{"rendered":"<h2 class=\"spot\">\u0130stanbul\u2019un Kartal il\u00e7esinde meydana gelen olay vicdanlar\u0131 s\u0131zlatt\u0131. 59 ya\u015f\u0131ndaki Ruhan \u00c7alu dairesinde b\u0131\u00e7akla vah\u015fice katledilmi\u015fti. Polis saatler s\u00fcren g\u00fcvenlik kameralar\u0131 incelemesi sonucunda \u015f\u00fcpheliyi takibe ald\u0131. Caninin \u00fcniversite \u00f6\u011frencisi oldu\u011fu ortaya \u00e7\u0131kt\u0131. \u0130\u015fte, detaylar\u2026<\/h2>\n<div class=\"news-detail-info\">\n<div class=\"authorDetail\"><img decoding=\"async\" src=\"https:\/\/iasbh.tmgrup.com.tr\/cbd560\/752\/395\/0\/69\/1200\/700?u=https:\/\/isbh.tmgrup.com.tr\/sbh\/2026\/04\/17\/kartalda-ruhan-calu-vahsice-oldurulmustu-kan-donduran-detay-katil-universite-ogrencisi-cikti-1776430506595.jpg\" alt=\"Kartal\u2019da Ruhan \u00c7alu vah\u015fice \u00f6ld\u00fcr\u00fclm\u00fc\u015ft\u00fc! Kan donduran detay: Katil \u00fcniversite \u00f6\u011frencisi \u00e7\u0131kt\u0131\u2026\" \/><\/div>\n<div>\n<div class=\"col-sm-12 view20 pagedItems\" data-index=\"1\">\n<div class=\"newsDetailText\">\n<div class=\"newsBox\">\n<p>Kartal, Esentepe mahallesi, \u00c7aml\u0131da\u011f sokakta d\u00fcn meydana gelen olayda, 59 ya\u015f\u0131ndaki Ruhan \u00c7alu&#8217;nun dairesinden gelen ba\u011fr\u0131\u015fma sesleri \u00fczerine polise ihbarda bulundu.<\/p>\n<\/div>\n<\/div>\n<\/div>\n<div class=\"col-sm-12 view20 pagedItems\" data-index=\"2\">\n<div class=\"newsDetailText\">\n<div class=\"newsBox\">\u00a0<strong>POL\u0130S OLAY YER\u0130NDE KORKUN\u00c7 MANZARAYLA KAR\u015eILA\u015eTI<\/strong><\/div>\n<\/div>\n<\/div>\n<\/div>\n<div>\n<p>Olay yerine gelen polis ekipleri, a\u00e7\u0131k kap\u0131dan daireye girdiklerinde ya\u015fl\u0131 kad\u0131n\u0131n b\u0131\u00e7aklanm\u0131\u015f bir halde buldu. Sa\u011fl\u0131k ekipleri yapt\u0131klar\u0131 incelemede Ruhan \u00c7alu&#8217;nun ald\u0131\u011f\u0131 b\u0131\u00e7ak darbeleri nedeniyle hayat\u0131n\u0131 kaybetti\u011fini tespit etti.<\/p>\n<p><strong>TAKS\u0130YLE KOCAEL\u0130&#8217;NE G\u0130TM\u0130\u015e<\/strong><\/p>\n<p>Asayi\u015f \u015eube M\u00fcd\u00fcrl\u00fc\u011f\u00fc\u00a0Cinayet B\u00fcro Amirli\u011fi taraf\u0131ndan olaydan sonra ba\u015flat\u0131lan \u00e7al\u0131\u015fmada polis g\u00fcvenlik kameralar\u0131n\u0131 kullanarak \u015f\u00fcpheliyi takibe ald\u0131. \u015e\u00fcphelinin olay\u0131n ard\u0131ndan bir Taksiye binerek Kocaeli&#8217;ne gitti\u011fi belirlendi.<\/p>\n<p><img decoding=\"async\" src=\"https:\/\/iasbh.tmgrup.com.tr\/b3266c\/0\/0\/0\/0\/0\/0?u=https:\/\/isbh.tmgrup.com.tr\/sbh\/2026\/04\/17\/kartalda-esrarengiz-cinayet-girdigi-evde-yalniz-yasayan-kadini-bicaklayarak-oldurmustu-cinayeti-itiraf-eden-su-1776428549435.jpg&amp;mw=600\" \/><\/p>\n<\/div>\n<\/div>\n","protected":false},"excerpt":{"rendered":"<p>\u0130stanbul\u2019un Kartal il\u00e7esinde meydana gelen olay vicdanlar\u0131 s\u0131zlatt\u0131. 59 ya\u015f\u0131ndaki Ruhan \u00c7alu dairesinde b\u0131\u00e7akla vah\u015fice katledilmi\u015fti. Polis saatler s\u00fcren g\u00fcvenlik kameralar\u0131 incelemesi sonucunda \u015f\u00fcpheliyi takibe ald\u0131. Caninin \u00fcniversite \u00f6\u011frencisi oldu\u011fu ortaya \u00e7\u0131kt\u0131. \u0130\u015fte, detaylar\u2026 Kartal, Esentepe mahallesi, \u00c7aml\u0131da\u011f sokakta d\u00fcn meydana gelen olayda, 59 ya\u015f\u0131ndaki Ruhan \u00c7alu&#8217;nun dairesinden gelen ba\u011fr\u0131\u015fma sesleri \u00fczerine polise ihbarda bulundu. [&hellip;]<\/p>\n","protected":false},"author":1,"featured_media":3273,"comment_status":"closed","ping_status":"closed","sticky":false,"template":"","format":"standard","meta":{"footnotes":""},"categories":[7,39],"tags":[],"class_list":["post-3272","post","type-post","status-publish","format-standard","has-post-thumbnail","hentry","category-gundem","category-haber"],"_links":{"self":[{"href":"https:\/\/avukatimtv.com\/index.php\/wp-json\/wp\/v2\/posts\/3272","targetHints":{"allow":["GET"]}}],"collection":[{"href":"https:\/\/avukatimtv.com\/index.php\/wp-json\/wp\/v2\/posts"}],"about":[{"href":"https:\/\/avukatimtv.com\/index.php\/wp-json\/wp\/v2\/types\/post"}],"author":[{"embeddable":true,"href":"https:\/\/avukatimtv.com\/index.php\/wp-json\/wp\/v2\/users\/1"}],"replies":[{"embeddable":true,"href":"https:\/\/avukatimtv.com\/index.php\/wp-json\/wp\/v2\/comments?post=3272"}],"version-history":[{"count":1,"href":"https:\/\/avukatimtv.com\/index.php\/wp-json\/wp\/v2\/posts\/3272\/revisions"}],"predecessor-version":[{"id":3274,"href":"https:\/\/avukatimtv.com\/index.php\/wp-json\/wp\/v2\/posts\/3272\/revisions\/3274"}],"wp:featuredmedia":[{"embeddable":true,"href":"https:\/\/avukatimtv.com\/index.php\/wp-json\/wp\/v2\/media\/3273"}],"wp:attachment":[{"href":"https:\/\/avukatimtv.com\/index.php\/wp-json\/wp\/v2\/media?parent=3272"}],"wp:term":[{"taxonomy":"category","embeddable":true,"href":"https:\/\/avukatimtv.com\/index.php\/wp-json\/wp\/v2\/categories?post=3272"},{"taxonomy":"post_tag","embeddable":true,"href":"https:\/\/avukatimtv.com\/index.php\/wp-json\/wp\/v2\/tags?post=3272"}],"curies":[{"name":"wp","href":"https:\/\/api.w.org\/{rel}","templated":true}]}}