{"id":3275,"date":"2026-04-18T18:16:30","date_gmt":"2026-04-18T15:16:30","guid":{"rendered":"https:\/\/avukatimtv.com\/?p=3275"},"modified":"2026-04-18T18:16:30","modified_gmt":"2026-04-18T15:16:30","slug":"dmm-son-noktayi-koydu-kahramanmaras-saldirgani-olmedi-iddialarina-yanit-geldi","status":"publish","type":"post","link":"https:\/\/avukatimtv.com\/index.php\/2026\/04\/18\/dmm-son-noktayi-koydu-kahramanmaras-saldirgani-olmedi-iddialarina-yanit-geldi\/","title":{"rendered":"DMM son noktay\u0131 koydu: Kahramanmara\u015f sald\u0131rgan\u0131 &#8216;\u00f6lmedi&#8217; iddialar\u0131na yan\u0131t geldi!"},"content":{"rendered":"<div class=\"detailSpacing\">\n<div class=\"detailHead _detailHead_1m3dq_1\">\n<h2 class=\"_spot_1m3dq_491 m_8a5d1357 mantine-Title-root\" data-size=\"h1\" data-order=\"2\">Dezenformasyonla M\u00fccadele Merkezi (DMM), Kahramanmara\u015f\u2019taki okul sald\u0131rgan\u0131n\u0131n \u00f6lmedi\u011fine y\u00f6nelik iddialar\u0131n ger\u00e7e\u011fi yans\u0131tmad\u0131\u011f\u0131n\u0131 belirterek, \u015fahs\u0131n 16 Nisan 2026\u2019da g\u00f6m\u00fcld\u00fc\u011f\u00fcn\u00fc ve s\u00fcrecin resmi kay\u0131tlarla sabit oldu\u011funu a\u00e7\u0131klad\u0131.<\/h2>\n<\/div>\n<\/div>\n<div class=\"detailContentSpacing\">\n<div class=\"_reactionBox_cmexl_1\">\n<div class=\"_reactionButtons_cmexl_8 m_4081bf90 mantine-Group-root\">DMM, baz\u0131 sosyal medya platformlar\u0131nda ve dijital mecralarda Kahramanmara\u015f\u2019ta meydana gelen olay\u0131n failinin \u00f6lmedi\u011fine dair ortaya at\u0131lan iddialara ili\u015fkin a\u00e7\u0131klama yapt\u0131.<\/p>\n<p class=\"mantine-focus-auto detailText m_b6d8b162 mantine-Text-root\" data-variant=\"text\" data-size=\"md\">A\u00e7\u0131klamada, s\u00f6z konusu iddialar\u0131n tamamen as\u0131ls\u0131z oldu\u011fu ve ger\u00e7e\u011fi yans\u0131tmad\u0131\u011f\u0131 belirtilerek, sald\u0131rganla ilgili adli ve t\u0131bbi s\u00fcre\u00e7lerin tamamland\u0131\u011f\u0131 ve \u015fahs\u0131n 16.04.2026 tarihinde defnedildi\u011fi ifade edildi.<\/p>\n<p><img decoding=\"async\" src=\"https:\/\/img.piri.net\/piri\/upload\/3\/2026\/4\/18\/e6696386-u2qln2xomwpt32covciyw.webp\" \/><\/p>\n<p class=\"mantine-focus-auto detailText m_b6d8b162 mantine-Text-root\" data-variant=\"text\" data-size=\"md\">A\u00e7\u0131klamada \u015fu ifadeler kullan\u0131ld\u0131:<\/p>\n<p class=\"mantine-focus-auto detailText m_b6d8b162 mantine-Text-root\" data-variant=\"text\" data-size=\"md\">&#8220;Baz\u0131 sosyal medya mecralar\u0131nda ve dijital platformlarda, Kahramanmara\u015f\u2019ta ger\u00e7ekle\u015fen elim hadisenin failinin \u00f6lmedi\u011fine dair dola\u015f\u0131ma sokulan iddialar tamamen as\u0131ls\u0131zd\u0131r ve ger\u00e7e\u011fi yans\u0131tmamaktad\u0131r.<\/p>\n<p class=\"mantine-focus-auto detailText m_b6d8b162 mantine-Text-root\" data-variant=\"text\" data-size=\"md\">S\u00f6z konusu sald\u0131rganla ilgili adli ve t\u0131bbi s\u00fcre\u00e7ler tamamlanm\u0131\u015f; \u015fah\u0131s 16.04.2026 tarihinde g\u00f6m\u00fclm\u00fc\u015ft\u00fcr. Resmi kay\u0131tlarla sabit olan bu ger\u00e7e\u011fin aksine yap\u0131lan payla\u015f\u0131mlar;<\/p>\n<p class=\"mantine-focus-auto detailText m_b6d8b162 mantine-Text-root\" data-variant=\"text\" data-size=\"md\">\u2022 Toplumsal hassasiyetleri istismar etmeyi,<\/p>\n<p class=\"mantine-focus-auto detailText m_b6d8b162 mantine-Text-root\" data-variant=\"text\" data-size=\"md\">\u2022 Devlet-millet aras\u0131ndaki g\u00fcven ba\u011f\u0131n\u0131 zedelemeyi,<\/p>\n<p class=\"mantine-focus-auto detailText m_b6d8b162 mantine-Text-root\" data-variant=\"text\" data-size=\"md\">\u2022 Milli birlik ve b\u00fct\u00fcnl\u00fc\u011f\u00fcm\u00fcz\u00fc sarsmay\u0131 isteyen bilin\u00e7li birer alg\u0131 operasyonu ve kara propaganda faaliyetidir.<\/p>\n<p class=\"mantine-focus-auto detailText m_b6d8b162 mantine-Text-root\" data-variant=\"text\" data-size=\"md\">Hukuk devletinin gere\u011fi olarak, halk\u0131 yan\u0131lt\u0131c\u0131 bilgiyi alenen yayan ve toplumsal bar\u0131\u015f\u0131 tehdit eden bu t\u00fcr i\u00e7eriklerin sorumlular\u0131 hakk\u0131nda gerekli yasal s\u00fcre\u00e7ler ba\u015flat\u0131lm\u0131\u015ft\u0131r. Milletimizin huzurunu bozmaya y\u00f6nelik dezenformasyon i\u00e7erikli payla\u015f\u0131mlara kar\u015f\u0131 hassas olunmas\u0131; yaln\u0131zca resmi makamlar taraf\u0131ndan yap\u0131lan a\u00e7\u0131klamalar\u0131n dikkate al\u0131nmas\u0131 \u00f6nemle rica olunur.&#8221;<\/p>\n<div class=\"mantine-focus-auto detailText m_b6d8b162 mantine-Text-root\" data-variant=\"text\" data-size=\"md\">\n<div class=\"_nodeRenderer_7o776_1\"><\/div>\n<\/div>\n<\/div>\n<div><\/div>\n<\/div>\n<div class=\"_nodeRenderer_7o776_1\">\n<figure class=\"_embedNode_lr383_1\">\n<div>\n<div class=\"rsme-embed rsme-twitter-embed\">\n<div><\/div>\n<\/div>\n<\/div>\n<\/figure>\n<\/div>\n<\/div>\n","protected":false},"excerpt":{"rendered":"<p>Dezenformasyonla M\u00fccadele Merkezi (DMM), Kahramanmara\u015f\u2019taki okul sald\u0131rgan\u0131n\u0131n \u00f6lmedi\u011fine y\u00f6nelik iddialar\u0131n ger\u00e7e\u011fi yans\u0131tmad\u0131\u011f\u0131n\u0131 belirterek, \u015fahs\u0131n 16 Nisan 2026\u2019da g\u00f6m\u00fcld\u00fc\u011f\u00fcn\u00fc ve s\u00fcrecin resmi kay\u0131tlarla sabit oldu\u011funu a\u00e7\u0131klad\u0131. DMM, baz\u0131 sosyal medya platformlar\u0131nda ve dijital mecralarda Kahramanmara\u015f\u2019ta meydana gelen olay\u0131n failinin \u00f6lmedi\u011fine dair ortaya at\u0131lan iddialara ili\u015fkin a\u00e7\u0131klama yapt\u0131. A\u00e7\u0131klamada, s\u00f6z konusu iddialar\u0131n tamamen as\u0131ls\u0131z oldu\u011fu ve ger\u00e7e\u011fi [&hellip;]<\/p>\n","protected":false},"author":1,"featured_media":3276,"comment_status":"closed","ping_status":"closed","sticky":false,"template":"","format":"standard","meta":{"footnotes":""},"categories":[7,39],"tags":[],"class_list":["post-3275","post","type-post","status-publish","format-standard","has-post-thumbnail","hentry","category-gundem","category-haber"],"_links":{"self":[{"href":"https:\/\/avukatimtv.com\/index.php\/wp-json\/wp\/v2\/posts\/3275","targetHints":{"allow":["GET"]}}],"collection":[{"href":"https:\/\/avukatimtv.com\/index.php\/wp-json\/wp\/v2\/posts"}],"about":[{"href":"https:\/\/avukatimtv.com\/index.php\/wp-json\/wp\/v2\/types\/post"}],"author":[{"embeddable":true,"href":"https:\/\/avukatimtv.com\/index.php\/wp-json\/wp\/v2\/users\/1"}],"replies":[{"embeddable":true,"href":"https:\/\/avukatimtv.com\/index.php\/wp-json\/wp\/v2\/comments?post=3275"}],"version-history":[{"count":1,"href":"https:\/\/avukatimtv.com\/index.php\/wp-json\/wp\/v2\/posts\/3275\/revisions"}],"predecessor-version":[{"id":3277,"href":"https:\/\/avukatimtv.com\/index.php\/wp-json\/wp\/v2\/posts\/3275\/revisions\/3277"}],"wp:featuredmedia":[{"embeddable":true,"href":"https:\/\/avukatimtv.com\/index.php\/wp-json\/wp\/v2\/media\/3276"}],"wp:attachment":[{"href":"https:\/\/avukatimtv.com\/index.php\/wp-json\/wp\/v2\/media?parent=3275"}],"wp:term":[{"taxonomy":"category","embeddable":true,"href":"https:\/\/avukatimtv.com\/index.php\/wp-json\/wp\/v2\/categories?post=3275"},{"taxonomy":"post_tag","embeddable":true,"href":"https:\/\/avukatimtv.com\/index.php\/wp-json\/wp\/v2\/tags?post=3275"}],"curies":[{"name":"wp","href":"https:\/\/api.w.org\/{rel}","templated":true}]}}