{"id":3278,"date":"2026-04-25T16:12:36","date_gmt":"2026-04-25T13:12:36","guid":{"rendered":"https:\/\/avukatimtv.com\/?p=3278"},"modified":"2026-04-25T16:12:36","modified_gmt":"2026-04-25T13:12:36","slug":"mersinde-cani-koca-dehset-sacti-karisini-katledip-cocuklariyla-kacti","status":"publish","type":"post","link":"https:\/\/avukatimtv.com\/index.php\/2026\/04\/25\/mersinde-cani-koca-dehset-sacti-karisini-katledip-cocuklariyla-kacti\/","title":{"rendered":"Mersin&#8217;de cani koca deh\u015fet sa\u00e7t\u0131: Kar\u0131s\u0131n\u0131 katledip \u00e7ocuklar\u0131yla ka\u00e7t\u0131!"},"content":{"rendered":"<h2 class=\"spot\">Mersin&#8217;in Anamur il\u00e7esinde evde b\u0131\u00e7aklanarak \u00f6ld\u00fcr\u00fclm\u00fc\u015f olarak bulunan kad\u0131n\u0131n katil zanl\u0131s\u0131 olarak aranan kocas\u0131 Antalya&#8217;da 20 kilometrelik kovalamacan\u0131n ard\u0131ndan yakaland\u0131. Yan\u0131nda 2 \u00e7ocu\u011fu ile birlikte kulland\u0131\u011f\u0131 ara\u00e7 Plaka Tan\u0131ma Sistemi&#8217;ne (PTS) tak\u0131lan kat\u0131l zanl\u0131s\u0131 koca g\u00f6zalt\u0131na al\u0131n\u0131rken g\u00f6zya\u015f\u0131na bo\u011fulan 2 \u00e7ocuk polis taraf\u0131ndan sakinle\u015ftirildi.<\/h2>\n<div class=\"news-detail-info\">\n<div class=\"authorDetail\">\n<div class=\"col-sm-12 view20 pagedItems\" data-index=\"1\">\n<div class=\"newsDetailText\">\n<div class=\"newsBox\">\n<p>Olay, d\u00fcn gece 02.00 s\u0131ralar\u0131nda Anamur il\u00e7esinde meydana geldi. \u0130ddiaya g\u00f6re E.\u00c7. ile e\u015fi Cang\u00fcl \u00c7ak\u0131ro\u011flu ile aras\u0131nda hen\u00fcz belirlenemeyen nedenle tart\u0131\u015fma \u00e7\u0131kt\u0131. Tart\u0131\u015fman\u0131n b\u00fcy\u00fcmesi \u00fczerine E.\u00c7. eline ge\u00e7irdi\u011fi b\u0131\u00e7ak ile kar\u0131s\u0131n\u0131n v\u00fccudunun \u00e7e\u015fitli yerlerinden b\u0131\u00e7aklad\u0131. Gen\u00e7 kad\u0131n ald\u0131\u011f\u0131 b\u0131\u00e7ak darbeleri ile hayat\u0131n\u0131 kaybederken, E.\u00c7. birisi 9, di\u011feri 2 ya\u015f\u0131ndaki iki \u00e7ocu\u011funu da alarak 33 ANJ 679 plakal\u0131 Tofa\u015f marka ara\u00e7 ile olay yerinden ka\u00e7t\u0131.<\/p>\n<\/div>\n<\/div>\n<\/div>\n<div class=\"col-sm-12 view20 pagedItems\" data-index=\"2\">\n<div class=\"newsDetailText\">\n<div class=\"newsBox\"><img decoding=\"async\" src=\"https:\/\/iasbh.tmgrup.com.tr\/af980d\/0\/0\/0\/0\/0\/0?u=https:\/\/isbh.tmgrup.com.tr\/sbh\/2026\/04\/24\/mersinde-bicaklanarak-oldurulen-kadinin-katil-zanlisi-kocasi-antalyada-20-kilometrelik-kovalamacayla-yakalandi-1777037353129.jpg&amp;mw=700\" \/><\/div>\n<div>\n<p><strong>KGYS KAMERALARINA TAKILDI<\/strong><\/p>\n<\/div>\n<\/div>\n<div>\n<div class=\"col-sm-12 view20 pagedItems\" data-index=\"2\">\n<div class=\"newsDetailText\">\n<div class=\"newsBox\">\n<p>Polis ekipleri kat\u0131l zanl\u0131s\u0131 kocan\u0131n yakalanmas\u0131 i\u00e7in \u00e7al\u0131\u015fma ba\u015flatt\u0131. Yap\u0131lan incelemede E.\u00c7.&#8217;nin olay sonras\u0131 ka\u00e7t\u0131\u011f\u0131 33 ANJ 679 plakal\u0131 ara\u00e7 bug\u00fcn \u00f6\u011flen saatlerinde Aksu il\u00e7e giri\u015finde PTS (Plaka Tan\u0131ma Sistemi) kameralar\u0131na tak\u0131ld\u0131. Arac\u0131n KGYS kameralar\u0131ndan takibine ba\u015flan\u0131rken b\u00f6lgeye devriye ekiplerinin yan\u0131 s\u0131ra Cinayet B\u00fcro Amirli\u011fi ekipleri sevk edildi. \u015e\u00fcpheli \u015fahs\u0131n gidebilece\u011fi istikametlerde gerekli \u00f6nlemleri al\u0131rken KGYS kameralar\u0131ndan arac\u0131n son olarak Kuzey \u00c7evreyolu istikametine ge\u00e7ti\u011fi belirlendi.<\/p>\n<\/div>\n<\/div>\n<\/div>\n<div class=\"col-sm-12 view20 pagedItems\" data-index=\"3\">\n<div class=\"newsDetailText\">\n<div class=\"newsBox\"><img decoding=\"async\" src=\"https:\/\/iasbh.tmgrup.com.tr\/4aabe3\/0\/0\/0\/0\/0\/0?u=https:\/\/isbh.tmgrup.com.tr\/sbh\/2026\/04\/24\/mersinde-bicaklanarak-oldurulen-kadinin-katil-zanlisi-kocasi-antalyada-20-kilometrelik-kovalamacayla-yakalandi-1777037362772.jpg&amp;mw=700\" \/><\/div>\n<\/div>\n<div>\n<p><strong>20 K\u0130LOMETREL\u0130K TAK\u0130P SONUCU YAKALANDI<\/strong><\/p>\n<p>Gelen bilgiler do\u011frultusunda arac\u0131n ka\u00e7\u0131\u015f g\u00fczergah\u0131nda tedbir alan Aksu \u0130l\u00e7e Emniyet M\u00fcd\u00fcrl\u00fc\u011f\u00fc Devriye Ekipler Amirli\u011fi ekipleri 33 ANJ 679 plakal\u0131 arac\u0131 Kuzey \u00c7evreyolu Ba\u015fk\u00f6y yol ayr\u0131m\u0131nda \u00f6n\u00fcn\u00fc keserek durdurdu. Yakla\u015f\u0131k 20 kilometrelik takip sonucu durdurulan ara\u00e7taki cinayet olay\u0131n\u0131n \u015f\u00fcphelisi E.\u00c7. g\u00f6zalt\u0131na al\u0131n\u0131rken, g\u00f6zya\u015f\u0131na bo\u011fulan 2 k\u00fc\u00e7\u00fck \u00e7ocuk polis ekiplerince sakinle\u015ftirildi. Polis otosuna bindirilen E.\u00c7. ve 2 \u00e7ocu\u011fu i\u015flemleri i\u00e7in Aksu \u0130l\u00e7e Emniyet M\u00fcd\u00fcrl\u00fc\u011f\u00fc&#8217;ne g\u00f6t\u00fcr\u00fcld\u00fc.<\/p>\n<\/div>\n<\/div>\n<\/div>\n<\/div>\n<\/div>\n<\/div>\n","protected":false},"excerpt":{"rendered":"<p>Mersin&#8217;in Anamur il\u00e7esinde evde b\u0131\u00e7aklanarak \u00f6ld\u00fcr\u00fclm\u00fc\u015f olarak bulunan kad\u0131n\u0131n katil zanl\u0131s\u0131 olarak aranan kocas\u0131 Antalya&#8217;da 20 kilometrelik kovalamacan\u0131n ard\u0131ndan yakaland\u0131. Yan\u0131nda 2 \u00e7ocu\u011fu ile birlikte kulland\u0131\u011f\u0131 ara\u00e7 Plaka Tan\u0131ma Sistemi&#8217;ne (PTS) tak\u0131lan kat\u0131l zanl\u0131s\u0131 koca g\u00f6zalt\u0131na al\u0131n\u0131rken g\u00f6zya\u015f\u0131na bo\u011fulan 2 \u00e7ocuk polis taraf\u0131ndan sakinle\u015ftirildi. Olay, d\u00fcn gece 02.00 s\u0131ralar\u0131nda Anamur il\u00e7esinde meydana geldi. \u0130ddiaya g\u00f6re [&hellip;]<\/p>\n","protected":false},"author":1,"featured_media":3279,"comment_status":"closed","ping_status":"closed","sticky":false,"template":"","format":"standard","meta":{"footnotes":""},"categories":[7,39],"tags":[],"class_list":["post-3278","post","type-post","status-publish","format-standard","has-post-thumbnail","hentry","category-gundem","category-haber"],"_links":{"self":[{"href":"https:\/\/avukatimtv.com\/index.php\/wp-json\/wp\/v2\/posts\/3278","targetHints":{"allow":["GET"]}}],"collection":[{"href":"https:\/\/avukatimtv.com\/index.php\/wp-json\/wp\/v2\/posts"}],"about":[{"href":"https:\/\/avukatimtv.com\/index.php\/wp-json\/wp\/v2\/types\/post"}],"author":[{"embeddable":true,"href":"https:\/\/avukatimtv.com\/index.php\/wp-json\/wp\/v2\/users\/1"}],"replies":[{"embeddable":true,"href":"https:\/\/avukatimtv.com\/index.php\/wp-json\/wp\/v2\/comments?post=3278"}],"version-history":[{"count":1,"href":"https:\/\/avukatimtv.com\/index.php\/wp-json\/wp\/v2\/posts\/3278\/revisions"}],"predecessor-version":[{"id":3280,"href":"https:\/\/avukatimtv.com\/index.php\/wp-json\/wp\/v2\/posts\/3278\/revisions\/3280"}],"wp:featuredmedia":[{"embeddable":true,"href":"https:\/\/avukatimtv.com\/index.php\/wp-json\/wp\/v2\/media\/3279"}],"wp:attachment":[{"href":"https:\/\/avukatimtv.com\/index.php\/wp-json\/wp\/v2\/media?parent=3278"}],"wp:term":[{"taxonomy":"category","embeddable":true,"href":"https:\/\/avukatimtv.com\/index.php\/wp-json\/wp\/v2\/categories?post=3278"},{"taxonomy":"post_tag","embeddable":true,"href":"https:\/\/avukatimtv.com\/index.php\/wp-json\/wp\/v2\/tags?post=3278"}],"curies":[{"name":"wp","href":"https:\/\/api.w.org\/{rel}","templated":true}]}}