{"id":3281,"date":"2026-04-25T16:22:30","date_gmt":"2026-04-25T13:22:30","guid":{"rendered":"https:\/\/avukatimtv.com\/?p=3281"},"modified":"2026-04-25T16:22:30","modified_gmt":"2026-04-25T13:22:30","slug":"izmirde-cinayet-bogazindan-vurularak-olduruldu","status":"publish","type":"post","link":"https:\/\/avukatimtv.com\/index.php\/2026\/04\/25\/izmirde-cinayet-bogazindan-vurularak-olduruldu\/","title":{"rendered":"\u0130zmir&#8217;de cinayet! Bo\u011faz\u0131ndan vurularak \u00f6ld\u00fcr\u00fcld\u00fc"},"content":{"rendered":"<p>\u0130zmir&#8217;in Buca il\u00e7esinde, tart\u0131\u015ft\u0131\u011f\u0131 kocas\u0131 \u00c7.\u00c7. (44) taraf\u0131ndan tabancayla bo\u011faz\u0131ndan vurulan Nurcan \u00c7ubuk (39), olay yerinde hayat\u0131n\u0131 kaybetti.<\/p>\n<p>Olay, 22 Nisan \u00c7ar\u015famba g\u00fcn\u00fc saat 21.30 s\u0131ralar\u0131nda \u00c7aml\u0131p\u0131nar Mahallesi&#8217;ndeki 3 katl\u0131 binan\u0131n giri\u015f kat\u0131nda meydana geldi.<\/p>\n<ul>\n<li>\u0130ddiaya g\u00f6re, Nurcan \u00c7ubuk ile kocas\u0131 \u00c7.\u00c7., aras\u0131nda hen\u00fcz belirlenemeyen sebepten tart\u0131\u015fma \u00e7\u0131kt\u0131.<\/li>\n<li>Kavgaya d\u00f6n\u00fc\u015fen olayda \u00c7.\u00c7., tabancayla e\u015fine ate\u015f etti.<\/li>\n<\/ul>\n<p><img decoding=\"async\" src=\"https:\/\/i12.haber7.net\/\/haber\/haber7\/photos\/2026\/17\/o8dKr_1776931539_8856.jpg\" alt=\"\u0130zmir'de e\u015finin tabancayla bo\u011faz\u0131ndan vurdu\u011fu kad\u0131n, \u00f6ld\u00fc.\" \/><\/p>\n<h3>OLAY YER\u0130NDE \u00d6LD\u00dc\u011e\u00dc TESP\u0130T ED\u0130LD\u0130<\/h3>\n<p>Kom\u015fular\u0131n\u0131n ihbar\u0131 \u00fczerine olay yerine sa\u011fl\u0131k ve polis ekipleri sevk edildi.<\/p>\n<p>Sa\u011fl\u0131k ekiplerinin yapt\u0131\u011f\u0131 incelemede,\u00a0<strong><em>bo\u011faz\u0131na mermi isabet eden Nurcan \u00c7ubuk\u2019un hayat\u0131n\u0131 kaybetti\u011fi belirlendi.\u00a0<\/em><\/strong><\/p>\n<p>&nbsp;<\/p>\n","protected":false},"excerpt":{"rendered":"<p>\u0130zmir&#8217;in Buca il\u00e7esinde, tart\u0131\u015ft\u0131\u011f\u0131 kocas\u0131 \u00c7.\u00c7. (44) taraf\u0131ndan tabancayla bo\u011faz\u0131ndan vurulan Nurcan \u00c7ubuk (39), olay yerinde hayat\u0131n\u0131 kaybetti. Olay, 22 Nisan \u00c7ar\u015famba g\u00fcn\u00fc saat 21.30 s\u0131ralar\u0131nda \u00c7aml\u0131p\u0131nar Mahallesi&#8217;ndeki 3 katl\u0131 binan\u0131n giri\u015f kat\u0131nda meydana geldi. \u0130ddiaya g\u00f6re, Nurcan \u00c7ubuk ile kocas\u0131 \u00c7.\u00c7., aras\u0131nda hen\u00fcz belirlenemeyen sebepten tart\u0131\u015fma \u00e7\u0131kt\u0131. Kavgaya d\u00f6n\u00fc\u015fen olayda \u00c7.\u00c7., tabancayla e\u015fine ate\u015f [&hellip;]<\/p>\n","protected":false},"author":1,"featured_media":3282,"comment_status":"closed","ping_status":"closed","sticky":false,"template":"","format":"standard","meta":{"footnotes":""},"categories":[7,39],"tags":[],"class_list":["post-3281","post","type-post","status-publish","format-standard","has-post-thumbnail","hentry","category-gundem","category-haber"],"_links":{"self":[{"href":"https:\/\/avukatimtv.com\/index.php\/wp-json\/wp\/v2\/posts\/3281","targetHints":{"allow":["GET"]}}],"collection":[{"href":"https:\/\/avukatimtv.com\/index.php\/wp-json\/wp\/v2\/posts"}],"about":[{"href":"https:\/\/avukatimtv.com\/index.php\/wp-json\/wp\/v2\/types\/post"}],"author":[{"embeddable":true,"href":"https:\/\/avukatimtv.com\/index.php\/wp-json\/wp\/v2\/users\/1"}],"replies":[{"embeddable":true,"href":"https:\/\/avukatimtv.com\/index.php\/wp-json\/wp\/v2\/comments?post=3281"}],"version-history":[{"count":1,"href":"https:\/\/avukatimtv.com\/index.php\/wp-json\/wp\/v2\/posts\/3281\/revisions"}],"predecessor-version":[{"id":3283,"href":"https:\/\/avukatimtv.com\/index.php\/wp-json\/wp\/v2\/posts\/3281\/revisions\/3283"}],"wp:featuredmedia":[{"embeddable":true,"href":"https:\/\/avukatimtv.com\/index.php\/wp-json\/wp\/v2\/media\/3282"}],"wp:attachment":[{"href":"https:\/\/avukatimtv.com\/index.php\/wp-json\/wp\/v2\/media?parent=3281"}],"wp:term":[{"taxonomy":"category","embeddable":true,"href":"https:\/\/avukatimtv.com\/index.php\/wp-json\/wp\/v2\/categories?post=3281"},{"taxonomy":"post_tag","embeddable":true,"href":"https:\/\/avukatimtv.com\/index.php\/wp-json\/wp\/v2\/tags?post=3281"}],"curies":[{"name":"wp","href":"https:\/\/api.w.org\/{rel}","templated":true}]}}