{"id":3284,"date":"2026-04-25T16:33:12","date_gmt":"2026-04-25T13:33:12","guid":{"rendered":"https:\/\/avukatimtv.com\/?p=3284"},"modified":"2026-04-25T16:33:12","modified_gmt":"2026-04-25T13:33:12","slug":"vanda-7-faili-mechul-cinayet-dosyasi-raftan-indi","status":"publish","type":"post","link":"https:\/\/avukatimtv.com\/index.php\/2026\/04\/25\/vanda-7-faili-mechul-cinayet-dosyasi-raftan-indi\/","title":{"rendered":"Van\u2019da 7 faili me\u00e7hul cinayet dosyas\u0131 raftan indi!"},"content":{"rendered":"<div class=\"news-header py-3 bg-white\">\n<div class=\"container\">\n<h2 class=\"lead text-center text-lg-start text-dark description\">Adalet Bakanl\u0131\u011f\u0131, 75 ilde 693 makt\u00fcl\u00fcn ad\u0131n\u0131n ge\u00e7ti\u011fi 638 faili me\u00e7hul dosyay\u0131 yeniden raftan indirdi. Van\u2019da 2026 y\u0131l\u0131nda \u015f\u00fcpheli bir \u015fekilde ya\u015fam\u0131n\u0131 yitiren Rojin Kabai\u015f cinayeti ba\u015fta olmak \u00fczere 6 dosyada 7 faili me\u00e7hul cinayet yeniden ayd\u0131nlat\u0131lacak.<\/h2>\n<\/div>\n<\/div>\n<div class=\"container g-0 g-sm-4\">\n<div class=\"news-section overflow-hidden mt-lg-3\">\n<div class=\"row g-3\">\n<div class=\"col-lg-8\">\n<div class=\"card border-0 rounded-0 mb-3\">\n<div class=\"inner\">\n<div class=\"zoom-in-out m-3\">\n<p>Adalet Bakan\u0131 Ak\u0131n G\u00fcrlek, faili me\u00e7hul dosyalar\u0131n yeniden ayd\u0131nlat\u0131lmas\u0131 i\u00e7in kurumsal kapasitenin en \u00fcst seviyeye \u00e7\u0131kar\u0131ld\u0131\u011f\u0131n\u0131 duyurdu. Adalet Bakanl\u0131\u011f\u0131, Bakan G\u00fcrlek&#8217;in bu a\u00e7\u0131klamas\u0131ndan sonra 75 ilde d\u00fc\u011fmeye bast\u0131. Toplumda infial yaratan faili me\u00e7hul dosyalar i\u00e7in tarihi bir ad\u0131m atan Bakanl\u0131k kurulan \u00f6zel ekiplerle, 693 faili me\u00e7hul cinayetin ayd\u0131nlat\u0131lmas\u0131 i\u00e7in kapsaml\u0131 soru\u015fturma ba\u015flat\u0131ld\u0131.<\/p>\n<\/div>\n<p><img decoding=\"async\" src=\"https:\/\/sehrivangazetesicom.teimg.com\/sehrivangazetesi-com\/uploads\/2026\/03\/akin-gurlek1.webp\" \/><\/p>\n<\/div>\n<p><strong>BAKAN G\u00dcRLEK A\u00c7IKLADI: \u00d6ZEL EK\u0130P KURULDU<\/strong><\/p>\n<p>Adalet Bakan\u0131 Ak\u0131n G\u00fcrlek, sosyal medya \u00fczerinden yapt\u0131\u011f\u0131 payla\u015f\u0131mda, Ceza \u0130\u015fleri Genel M\u00fcd\u00fcrl\u00fc\u011f\u00fc b\u00fcnyesinde kurulan Faili Me\u00e7hul Su\u00e7lar\u0131 Ara\u015ft\u0131rma Daire Ba\u015fkanl\u0131\u011f\u0131 ile \u00f6zellikle kad\u0131n ve \u00e7ocuk cinayetleri olmak \u00fczere toplum vicdan\u0131n\u0131 yaralayan t\u00fcm dosyalar\u0131n yeniden ele al\u0131nd\u0131\u011f\u0131n\u0131 s\u00f6yledi. Bu kapsamda 75 ilde faili me\u00e7hul dosyalar i\u00e7in harekete ge\u00e7ti; 638 olay yeniden a\u00e7\u0131larak \u00f6zel ekiplerle kapsaml\u0131 soru\u015fturma ba\u015flat\u0131ld\u0131.<\/p>\n<\/div>\n<p><img decoding=\"async\" src=\"https:\/\/sehrivangazetesicom.teimg.com\/sehrivangazetesi-com\/uploads\/2026\/04\/21-yasindaki-rojin-kabais-in-olum-nedeni-belli-18046851-1375-amp.webp\" \/><\/p>\n<\/div>\n<p><strong>VAN\u2019DA ROJ\u0130N KABA\u0130\u015e C\u0130NAYET\u0130 DAH\u0130L 7 FA\u0130L\u0130 ME\u00c7HUL C\u0130NAYET VAR<\/strong><\/p>\n<p>G\u00fclistan Doku soru\u015fturmas\u0131yla ba\u015flayan ve T\u00fcrkiye\u2019de uzun s\u00fcredir tart\u0131\u015fma yaratan Rojin Kabai\u015f dosyas\u0131 da kamuoyunda soru i\u015faretleri bar\u0131nd\u0131ran, ayd\u0131nlat\u0131lmas\u0131 beklenen vakalar aras\u0131nda yer ald\u0131. Van\u2019da 2026 y\u0131l\u0131nda \u015f\u00fcpheli bir \u015fekilde ya\u015fam\u0131n\u0131 yitiren Rojin Kabai\u015f cinayeti ba\u015fta olmak \u00fczere 6 doyada 7 faili me\u00e7hul cinayet yeniden ayd\u0131nlat\u0131lacak.<\/p>\n<\/div>\n<\/div>\n<p><img decoding=\"async\" src=\"https:\/\/sehrivangazetesicom.teimg.com\/sehrivangazetesi-com\/uploads\/2026\/04\/gulistan-doku-sorusturmasinda-19748797-4180-2-m.webp\" \/><\/p>\n<\/div>\n<p><strong>75 \u0130LDE 693 FA\u0130L\u0130 ME\u00c7HUL C\u0130NAYET AYDINLATILACAK<\/strong><\/p>\n<p>Adalet Bakan\u0131 Ak\u0131n G\u00fcrlek\u2019in talimat\u0131yla 75 ilde 638 dosya ve 693 maktul \u00fczerinde inceleme ba\u015flat\u0131ld\u0131. Cumhuriyet ba\u015fsavc\u0131l\u0131klar\u0131nda bulunan dosyalar\u0131n sistematik bi\u00e7imde analiz edilmesi i\u00e7in yeni y\u00f6ntemler geli\u015ftirildi. Teknik, kriminal ve analitik alanlarda rehberlik sa\u011flanarak kurumlar aras\u0131nda g\u00fc\u00e7l\u00fc bir bilgi ak\u0131\u015f\u0131 kurulmas\u0131 planland\u0131. Delil yetersizli\u011fi veya delillerin karart\u0131lmas\u0131 nedeniyle sonu\u00e7land\u0131r\u0131lamayan dosyalar yeniden incelenecek. Bu \u00e7al\u0131\u015fmalarla cezas\u0131zl\u0131k alg\u0131s\u0131n\u0131n ortadan kald\u0131r\u0131lmas\u0131 ve kamu vicdan\u0131n\u0131n rahatlat\u0131lmas\u0131 hedefleniyor.<\/p>\n<p><img decoding=\"async\" src=\"https:\/\/sehrivangazetesicom.teimg.com\/sehrivangazetesi-com\/uploads\/2026\/02\/corum-da-kan-donduran-cinayet-6-gundur-aranan-19528641-amp.webp\" \/><\/p>\n<p><strong>EN \u00c7OK KARANLIK DOSYA O \u0130LDE VAR<\/strong><\/p>\n<p>Toplumda b\u00fcy\u00fck yank\u0131 uyand\u0131rabilecek nitelikteki faili me\u00e7hul cinayetler ve makt\u00fcl vakalar\u0131 \u00fclke genelinde tek tek derlendi. \u0130lk etapta 75 ilde toplam 638 dosya ve 693 maktul i\u00e7in inceleme ba\u015flat\u0131ld\u0131. Bakanl\u0131ktan payla\u015ft\u0131\u011f\u0131 bilgilere g\u00f6re, faili me\u00e7hul cinayetler ve maktul vakalar\u0131 \u00fclke genelinde tek tek derlendi. En fazla dosyan\u0131n \u0130zmir\u2019de oldu\u011fu g\u00f6r\u00fcld\u00fc. \u0130zmir\u2019de 49 dosya ve 51 maktul bulunurken, Sakarya\u2019da 34 dosya ve 35 maktul, Trabzon\u2019da 30 dosya ve 31 maktul tespit edildi. Giresun ve Tokat\u2019ta 29\u2019ar dosya ve 32\u2019\u015fer maktul, Tekirda\u011f\u2019da 29 dosya ve 31 maktul, Malatya\u2019da 24 dosya ve 24 maktul, Mara\u015f\u2019ta 19 dosya ve 21 maktul, \u00c7anakkale\u2019de ise 17 dosya ve 28 maktul yer ald\u0131. Ankara ve \u0130stanbul\u2019da ise 10\u2019ar dosya ve 10\u2019ar maktul i\u00e7in inceleme y\u00fcr\u00fct\u00fclecek.<\/p>\n<p><img decoding=\"async\" src=\"https:\/\/sehrivangazetesicom.teimg.com\/sehrivangazetesi-com\/uploads\/2026\/02\/akin-gurlek.webp\" \/><\/p>\n<p>&nbsp;<\/p>\n<p>&nbsp;<\/p>\n<p><strong>&#8220;HEDEF\u0130M\u0130Z G\u00dcVEN VEREN B\u0130R ADALET S\u0130STEM\u0130\u201d<\/strong><\/p>\n<p>Bakan G\u00fcrlek, sosyal medya hesab\u0131ndan yapt\u0131\u011f\u0131 son a\u00e7\u0131klamada ise \u015f\u00f6yle dedi; Ceza \u0130\u015fleri Genel M\u00fcd\u00fcrl\u00fc\u011f\u00fcm\u00fcz b\u00fcnyesinde kurdu\u011fumuz Faili Me\u00e7hul Su\u00e7lar\u0131 Ara\u015ft\u0131rma Daire Ba\u015fkanl\u0131\u011f\u0131m\u0131z ile kad\u0131n ve \u00e7ocuk cinayetleri ba\u015fta olmak \u00fczere toplum vicdan\u0131n\u0131 yaralayan t\u00fcm dosyalar\u0131 yeniden mercek alt\u0131na al\u0131yoruz. Bu \u00e7er\u00e7evede faili me\u00e7hul dosyalar\u0131n ayd\u0131nlat\u0131lmas\u0131na y\u00f6nelik kurumsal kapasitemizi en \u00fcst seviyeye \u00e7\u0131kard\u0131k. \u00dclke genelinde ger\u00e7ekle\u015ftirdi\u011fimiz taramalar neticesinde, 75 ildeki 638 dosya ve 693 maktule ili\u015fkin kapsaml\u0131 inceleme s\u00fcrecini ba\u015flatt\u0131k. Delile dayal\u0131, titiz analiz ve g\u00fc\u00e7l\u00fc koordinasyon ile cezas\u0131zl\u0131\u011fa ge\u00e7it vermeyece\u011fiz. Cumhurba\u015fkan\u0131m\u0131z Say\u0131n Recep Tayyip Erdo\u011fan\u2019\u0131n liderli\u011finde; T\u00fcrkiye Y\u00fczy\u0131l\u0131\u2019n\u0131 adaletin y\u00fczy\u0131l\u0131 k\u0131lmak, her bir dosyada hakikati ortaya \u00e7\u0131karmak ve milletimizin vicdan\u0131n\u0131 rahatlatmak i\u00e7in kararl\u0131l\u0131kla \u00e7al\u0131\u015f\u0131yoruz. Adaletin tecellisi i\u00e7in su\u00e7un ve su\u00e7lunun izini s\u00fcrmeye devam edece\u011fiz.<\/p>\n<p>&nbsp;<\/p>\n<p>&nbsp;<\/p>\n","protected":false},"excerpt":{"rendered":"<p>Adalet Bakanl\u0131\u011f\u0131, 75 ilde 693 makt\u00fcl\u00fcn ad\u0131n\u0131n ge\u00e7ti\u011fi 638 faili me\u00e7hul dosyay\u0131 yeniden raftan indirdi. Van\u2019da 2026 y\u0131l\u0131nda \u015f\u00fcpheli bir \u015fekilde ya\u015fam\u0131n\u0131 yitiren Rojin Kabai\u015f cinayeti ba\u015fta olmak \u00fczere 6 dosyada 7 faili me\u00e7hul cinayet yeniden ayd\u0131nlat\u0131lacak. Adalet Bakan\u0131 Ak\u0131n G\u00fcrlek, faili me\u00e7hul dosyalar\u0131n yeniden ayd\u0131nlat\u0131lmas\u0131 i\u00e7in kurumsal kapasitenin en \u00fcst seviyeye \u00e7\u0131kar\u0131ld\u0131\u011f\u0131n\u0131 duyurdu. Adalet [&hellip;]<\/p>\n","protected":false},"author":1,"featured_media":3285,"comment_status":"closed","ping_status":"closed","sticky":false,"template":"","format":"standard","meta":{"footnotes":""},"categories":[7,39],"tags":[],"class_list":["post-3284","post","type-post","status-publish","format-standard","has-post-thumbnail","hentry","category-gundem","category-haber"],"_links":{"self":[{"href":"https:\/\/avukatimtv.com\/index.php\/wp-json\/wp\/v2\/posts\/3284","targetHints":{"allow":["GET"]}}],"collection":[{"href":"https:\/\/avukatimtv.com\/index.php\/wp-json\/wp\/v2\/posts"}],"about":[{"href":"https:\/\/avukatimtv.com\/index.php\/wp-json\/wp\/v2\/types\/post"}],"author":[{"embeddable":true,"href":"https:\/\/avukatimtv.com\/index.php\/wp-json\/wp\/v2\/users\/1"}],"replies":[{"embeddable":true,"href":"https:\/\/avukatimtv.com\/index.php\/wp-json\/wp\/v2\/comments?post=3284"}],"version-history":[{"count":1,"href":"https:\/\/avukatimtv.com\/index.php\/wp-json\/wp\/v2\/posts\/3284\/revisions"}],"predecessor-version":[{"id":3286,"href":"https:\/\/avukatimtv.com\/index.php\/wp-json\/wp\/v2\/posts\/3284\/revisions\/3286"}],"wp:featuredmedia":[{"embeddable":true,"href":"https:\/\/avukatimtv.com\/index.php\/wp-json\/wp\/v2\/media\/3285"}],"wp:attachment":[{"href":"https:\/\/avukatimtv.com\/index.php\/wp-json\/wp\/v2\/media?parent=3284"}],"wp:term":[{"taxonomy":"category","embeddable":true,"href":"https:\/\/avukatimtv.com\/index.php\/wp-json\/wp\/v2\/categories?post=3284"},{"taxonomy":"post_tag","embeddable":true,"href":"https:\/\/avukatimtv.com\/index.php\/wp-json\/wp\/v2\/tags?post=3284"}],"curies":[{"name":"wp","href":"https:\/\/api.w.org\/{rel}","templated":true}]}}