{"id":3287,"date":"2026-04-25T19:34:02","date_gmt":"2026-04-25T16:34:02","guid":{"rendered":"https:\/\/avukatimtv.com\/?p=3287"},"modified":"2026-04-25T19:34:02","modified_gmt":"2026-04-25T16:34:02","slug":"igdirda-cinayet-tarlada-basindan-vurulmus-halde-olu-bulundu","status":"publish","type":"post","link":"https:\/\/avukatimtv.com\/index.php\/2026\/04\/25\/igdirda-cinayet-tarlada-basindan-vurulmus-halde-olu-bulundu\/","title":{"rendered":"I\u011fd\u0131r&#8217;da cinayet! Tarlada ba\u015f\u0131ndan vurulmu\u015f halde \u00f6l\u00fc bulundu"},"content":{"rendered":"<h2 class=\"post-spot mb-0 pt-2 pb-2\">I\u011fd\u0131r&#8217;da bir ki\u015fi sulama yapt\u0131\u011f\u0131 tarlas\u0131nda silah ba\u015f\u0131ndan vurulmu\u015f halde \u00f6l\u00fc olarak bulundu. Ekiplerce bir adrese d\u00fczenlenen operasyonda, g\u00fcvenlik korucusu oldu\u011fu \u00f6\u011frenilen 32 ya\u015f\u0131ndaki N.K. g\u00f6zalt\u0131na al\u0131nd\u0131.<\/h2>\n<div class=\"feature-media mt-3\">\n<p>Ko\u00e7k\u0131ran k\u00f6y\u00fcnde ya\u015fayan Erdal Aygan, sulamak i\u00e7in gitti\u011fi tarlas\u0131nda ba\u015f\u0131ndan silahla vurulmu\u015f halde bulundu. \u00c7evredekilerin ihbar\u0131 \u00fczerine b\u00f6lgeye gelen 112 Acil Servis ve jandarma ekipleri, Aygan&#8217;\u0131n hayat\u0131n\u0131 kaybetti\u011fini belirledi.<\/p>\n<h2>CENAZES\u0130 MORGA KALDIRILDI<\/h2>\n<p>Aygan&#8217;\u0131n cenazesi, otopsi yap\u0131lmak \u00fczere\u00a0I\u011fd\u0131r\u00a0Dr. Nevruz Erez Devlet Hastanesi morguna kald\u0131r\u0131ld\u0131.<\/p>\n<\/div>\n<p>Olay\u0131n ard\u0131ndan \u00e7al\u0131\u015fma ba\u015flatan I\u011fd\u0131r \u0130l Jandarma Komutanl\u0131\u011f\u0131 ekibi, sald\u0131r\u0131y\u0131 ger\u00e7ekle\u015ftiren \u015f\u00fcphelinin yakalanmas\u0131 i\u00e7in \u00e7al\u0131\u015fma ba\u015flatt\u0131.<\/p>\n<p>Ekiplerce bir adrese d\u00fczenlenen operasyonda, g\u00fcvenlik korucusu oldu\u011fu \u00f6\u011frenilen 32 ya\u015f\u0131ndaki N.K. g\u00f6zalt\u0131na al\u0131nd\u0131.<\/p>\n","protected":false},"excerpt":{"rendered":"<p>I\u011fd\u0131r&#8217;da bir ki\u015fi sulama yapt\u0131\u011f\u0131 tarlas\u0131nda silah ba\u015f\u0131ndan vurulmu\u015f halde \u00f6l\u00fc olarak bulundu. Ekiplerce bir adrese d\u00fczenlenen operasyonda, g\u00fcvenlik korucusu oldu\u011fu \u00f6\u011frenilen 32 ya\u015f\u0131ndaki N.K. g\u00f6zalt\u0131na al\u0131nd\u0131. Ko\u00e7k\u0131ran k\u00f6y\u00fcnde ya\u015fayan Erdal Aygan, sulamak i\u00e7in gitti\u011fi tarlas\u0131nda ba\u015f\u0131ndan silahla vurulmu\u015f halde bulundu. \u00c7evredekilerin ihbar\u0131 \u00fczerine b\u00f6lgeye gelen 112 Acil Servis ve jandarma ekipleri, Aygan&#8217;\u0131n hayat\u0131n\u0131 kaybetti\u011fini [&hellip;]<\/p>\n","protected":false},"author":1,"featured_media":3288,"comment_status":"closed","ping_status":"closed","sticky":false,"template":"","format":"standard","meta":{"footnotes":""},"categories":[7,39],"tags":[],"class_list":["post-3287","post","type-post","status-publish","format-standard","has-post-thumbnail","hentry","category-gundem","category-haber"],"_links":{"self":[{"href":"https:\/\/avukatimtv.com\/index.php\/wp-json\/wp\/v2\/posts\/3287","targetHints":{"allow":["GET"]}}],"collection":[{"href":"https:\/\/avukatimtv.com\/index.php\/wp-json\/wp\/v2\/posts"}],"about":[{"href":"https:\/\/avukatimtv.com\/index.php\/wp-json\/wp\/v2\/types\/post"}],"author":[{"embeddable":true,"href":"https:\/\/avukatimtv.com\/index.php\/wp-json\/wp\/v2\/users\/1"}],"replies":[{"embeddable":true,"href":"https:\/\/avukatimtv.com\/index.php\/wp-json\/wp\/v2\/comments?post=3287"}],"version-history":[{"count":1,"href":"https:\/\/avukatimtv.com\/index.php\/wp-json\/wp\/v2\/posts\/3287\/revisions"}],"predecessor-version":[{"id":3289,"href":"https:\/\/avukatimtv.com\/index.php\/wp-json\/wp\/v2\/posts\/3287\/revisions\/3289"}],"wp:featuredmedia":[{"embeddable":true,"href":"https:\/\/avukatimtv.com\/index.php\/wp-json\/wp\/v2\/media\/3288"}],"wp:attachment":[{"href":"https:\/\/avukatimtv.com\/index.php\/wp-json\/wp\/v2\/media?parent=3287"}],"wp:term":[{"taxonomy":"category","embeddable":true,"href":"https:\/\/avukatimtv.com\/index.php\/wp-json\/wp\/v2\/categories?post=3287"},{"taxonomy":"post_tag","embeddable":true,"href":"https:\/\/avukatimtv.com\/index.php\/wp-json\/wp\/v2\/tags?post=3287"}],"curies":[{"name":"wp","href":"https:\/\/api.w.org\/{rel}","templated":true}]}}