{"id":3290,"date":"2026-04-25T19:37:33","date_gmt":"2026-04-25T16:37:33","guid":{"rendered":"https:\/\/avukatimtv.com\/?p=3290"},"modified":"2026-04-25T19:37:33","modified_gmt":"2026-04-25T16:37:33","slug":"hiranurun-cinayet-sanigina-agirlastirilmis-muebbet-talebi","status":"publish","type":"post","link":"https:\/\/avukatimtv.com\/index.php\/2026\/04\/25\/hiranurun-cinayet-sanigina-agirlastirilmis-muebbet-talebi\/","title":{"rendered":"Hiranur&#8217;un cinayet san\u0131\u011f\u0131na a\u011f\u0131rla\u015ft\u0131r\u0131lm\u0131\u015f m\u00fcebbet talebi"},"content":{"rendered":"<h2 class=\"nd-article__spot\">Mersin&#8217;de, otomobilde tabancayla ba\u015f\u0131ndan vurulan Hiranur Aygar\u2019\u0131n (16) \u00f6l\u00fcm\u00fcne ili\u015fkin H\u00fcseyin Arda \u015eark (19), Mustafa Zeybek (27) ve Nazmi \u00c7etin\u2019in (20) tutuklu yarg\u0131land\u0131\u011f\u0131 davada savc\u0131 m\u00fctalaas\u0131n\u0131 verdi. Savc\u0131, \u015eark i\u00e7in \u2018\u00c7ocu\u011fa kar\u015f\u0131 kasten \u00f6ld\u00fcrme\u2019 ve \u2018Ruhsats\u0131z silah bulundurma\u2019 su\u00e7lar\u0131ndan\u00a0a\u011f\u0131rla\u015ft\u0131r\u0131lm\u0131\u015f m\u00fcebbet, di\u011fer 2 san\u0131\u011fa ise \u2018Su\u00e7 delillerini yok etme, gizleme veya de\u011fi\u015ftirme\u2019 su\u00e7lar\u0131ndan 5\u2019er y\u0131l hapis cezas\u0131 talep etti.<\/h2>\n<p>Olay, ge\u00e7en y\u0131l 31 A\u011fustos gecesi, Toroslar il\u00e7esinde meydana geldi. Hiranur Aygar, ba\u015f\u0131ndan tabancayla vurulmu\u015f halde a\u011f\u0131r yaral\u0131 olarak otomobille g\u00f6t\u00fcr\u00fcld\u00fc\u011f\u00fc Mersin \u015eehir Hastanesi&#8217;nde hayat\u0131n\u0131 kaybetti. Aygar&#8217;\u0131 hastaneye g\u00f6t\u00fcren erkek arkada\u015f\u0131 H\u00fcseyin Arda \u015eark, hastane polisine verdi\u011fi ifadede, &#8220;Hira, yakla\u015f\u0131k 2 ayd\u0131r k\u0131z arkada\u015f\u0131m. Beraber asker e\u011flencesine gitmi\u015ftik. Bu s\u0131rada yan\u0131mdaki tabancayla havaya ate\u015f ettim. D\u00f6n\u00fc\u015fte ise arkada\u015f\u0131m Nazmi \u00c7etin ve Mustafa Zeybek ile birlikte eve d\u00f6nerken Akbelen Mahallesi Sebahattin \u00c7akmako\u011flu Caddesi&#8217;nde bir markette durduk. Ara\u00e7tan indik. Bu s\u0131rada ara\u00e7ta kalan Hira, tabancay\u0131 al\u0131p ba\u015f\u0131na ate\u015f etti&#8221; ifadelerini kulland\u0131.<\/p>\n<div><img decoding=\"async\" src=\"https:\/\/image.dha.com.tr\/i\/dha\/75\/770x0\/69eb456cce3eb91b24a19d5e.jpg\" alt=\"Hiranurun cinayet san\u0131\u011f\u0131na a\u011f\u0131rla\u015ft\u0131r\u0131lm\u0131\u015f m\u00fcebbet talebi\" \/><\/div>\n<div><\/div>\n<div><\/div>\n<p><strong>\u0130FADES\u0130N\u0130 DE\u011e\u0130\u015eT\u0130RD\u0130; \u015eAKALA\u015eIRKEN VURMU\u015e<\/strong><\/p>\n<p>Zeybek ve \u00c7etin&#8217;in de \u00e7eli\u015fkili ifadeleri \u00fczerine \u00e7al\u0131\u015fma ba\u015flatan\u00a0Cinayet\u00a0B\u00fcro Amirli\u011fi ekibi, 3 \u015f\u00fcpheliyi g\u00f6zalt\u0131na ald\u0131. \u015e\u00fcphelilerden \u015eark, ikinci ifadesinde \u015fakala\u015fmak amac\u0131yla bo\u015f sand\u0131\u011f\u0131 tabancay\u0131 k\u0131z arkada\u015f\u0131n\u0131n aln\u0131na dayad\u0131\u011f\u0131n\u0131 ve teti\u011fe bast\u0131\u011f\u0131n\u0131, olaydan hemen sonra hastaneye gitmediklerini, Hiranur Aygar\u2019\u0131 \u00f6nce a\u011fa\u00e7l\u0131k bir yere b\u0131rakt\u0131klar\u0131n\u0131 ard\u0131ndan da tekrar al\u0131p, hastaneye g\u00f6t\u00fcrd\u00fcklerini s\u00f6yledi. Belirtilen yerde ekipler taraf\u0131ndan yap\u0131lan aramada kan izi bulundu. Otopsi i\u015flemlerinin ard\u0131ndan yak\u0131nlar\u0131 taraf\u0131ndan al\u0131nan Hiranur Aygar\u2019\u0131n cenazesi, topra\u011fa verildi. 3 \u015f\u00fcpheli ise \u00e7\u0131kar\u0131ld\u0131klar\u0131 mahkeme taraf\u0131ndan tutukland\u0131.<\/p>\n<p>&nbsp;<\/p>\n<p><strong>DAVA A\u00c7ILDI<\/strong><\/p>\n<p>Cumhuriyet Ba\u015fsavc\u0131l\u0131\u011f\u0131 taraf\u0131ndan san\u0131klar hakk\u0131nda haz\u0131rlanan iddianame, Mersin 5\u2019inci A\u011f\u0131r Ceza Mahkemesi taraf\u0131ndan kabul edildi. \u0130ddianamede, san\u0131k \u015eark\u2019\u0131n \u2018\u00c7ocu\u011fa kar\u015f\u0131 kasten \u00f6ld\u00fcrme\u2019 ve \u2018Ruhsats\u0131z silah bulundurma\u2019 su\u00e7lar\u0131ndan, Nazmi \u00c7etin ve Mustafa Zeybek\u2019in ise \u2018Su\u00e7 delillerini yok etme, gizleme veya de\u011fi\u015ftirme\u2019 su\u00e7lar\u0131ndan cezaland\u0131r\u0131lmas\u0131 talep edildi.<\/p>\n<p><strong>DURU\u015eMA ERTELEND\u0130<\/strong><\/p>\n<p>Davan\u0131n 4&#8217;\u00fcnc\u00fc duru\u015fmas\u0131 bug\u00fcn Mersin 5\u2019inci A\u011f\u0131r Ceza Mahkemesi\u2019nde g\u00f6r\u00fcld\u00fc. Duru\u015fmaya tutuklu san\u0131klar, bulunduklar\u0131 cezaevinden Ses ve G\u00f6r\u00fcnt\u00fc Bili\u015fim Sistemi (SEGB\u0130S) ile kat\u0131l\u0131rken, avukatlar ve Hiranur\u2019un anne ve babas\u0131 salonda haz\u0131r bulundu. Duru\u015fmada tan\u0131klar\u0131n dinlenmesine devam edildi.<\/p>\n<p>Tan\u0131klar\u0131n dinlenmesinin ard\u0131ndan mahkeme savc\u0131s\u0131 m\u00fctalaas\u0131n\u0131 verdi. Savc\u0131, m\u00fctalaas\u0131nda san\u0131k \u015eark\u2019\u0131n \u2018\u00c7ocu\u011fa kar\u015f\u0131 kasten \u00f6ld\u00fcrme\u2019 ve \u2018Ruhsats\u0131z silah bulundurma\u2019 su\u00e7lar\u0131ndan\u00a0a\u011f\u0131rla\u015ft\u0131r\u0131lm\u0131\u015f m\u00fcebbet hapis, Nazmi \u00c7etin ve Mustafa Zeybek\u2019in ise \u2018Su\u00e7 delillerini yok etme, gizleme veya de\u011fi\u015ftirme\u2019 su\u00e7lar\u0131ndan 5&#8217;er y\u0131l hapisle cezaland\u0131r\u0131lmas\u0131n\u0131 istedi. Taraflar\u0131n dinlendi\u011fi Duru\u015fma ertelendi. San\u0131klar\u0131n tutukluluk halinin devam\u0131na karar verildi.<\/p>\n<p>&nbsp;<\/p>\n<div class=\"nd-article__info\"><\/div>\n","protected":false},"excerpt":{"rendered":"<p>Mersin&#8217;de, otomobilde tabancayla ba\u015f\u0131ndan vurulan Hiranur Aygar\u2019\u0131n (16) \u00f6l\u00fcm\u00fcne ili\u015fkin H\u00fcseyin Arda \u015eark (19), Mustafa Zeybek (27) ve Nazmi \u00c7etin\u2019in (20) tutuklu yarg\u0131land\u0131\u011f\u0131 davada savc\u0131 m\u00fctalaas\u0131n\u0131 verdi. Savc\u0131, \u015eark i\u00e7in \u2018\u00c7ocu\u011fa kar\u015f\u0131 kasten \u00f6ld\u00fcrme\u2019 ve \u2018Ruhsats\u0131z silah bulundurma\u2019 su\u00e7lar\u0131ndan\u00a0a\u011f\u0131rla\u015ft\u0131r\u0131lm\u0131\u015f m\u00fcebbet, di\u011fer 2 san\u0131\u011fa ise \u2018Su\u00e7 delillerini yok etme, gizleme veya de\u011fi\u015ftirme\u2019 su\u00e7lar\u0131ndan 5\u2019er y\u0131l hapis [&hellip;]<\/p>\n","protected":false},"author":1,"featured_media":3291,"comment_status":"closed","ping_status":"closed","sticky":false,"template":"","format":"standard","meta":{"footnotes":""},"categories":[7,39],"tags":[],"class_list":["post-3290","post","type-post","status-publish","format-standard","has-post-thumbnail","hentry","category-gundem","category-haber"],"_links":{"self":[{"href":"https:\/\/avukatimtv.com\/index.php\/wp-json\/wp\/v2\/posts\/3290","targetHints":{"allow":["GET"]}}],"collection":[{"href":"https:\/\/avukatimtv.com\/index.php\/wp-json\/wp\/v2\/posts"}],"about":[{"href":"https:\/\/avukatimtv.com\/index.php\/wp-json\/wp\/v2\/types\/post"}],"author":[{"embeddable":true,"href":"https:\/\/avukatimtv.com\/index.php\/wp-json\/wp\/v2\/users\/1"}],"replies":[{"embeddable":true,"href":"https:\/\/avukatimtv.com\/index.php\/wp-json\/wp\/v2\/comments?post=3290"}],"version-history":[{"count":1,"href":"https:\/\/avukatimtv.com\/index.php\/wp-json\/wp\/v2\/posts\/3290\/revisions"}],"predecessor-version":[{"id":3292,"href":"https:\/\/avukatimtv.com\/index.php\/wp-json\/wp\/v2\/posts\/3290\/revisions\/3292"}],"wp:featuredmedia":[{"embeddable":true,"href":"https:\/\/avukatimtv.com\/index.php\/wp-json\/wp\/v2\/media\/3291"}],"wp:attachment":[{"href":"https:\/\/avukatimtv.com\/index.php\/wp-json\/wp\/v2\/media?parent=3290"}],"wp:term":[{"taxonomy":"category","embeddable":true,"href":"https:\/\/avukatimtv.com\/index.php\/wp-json\/wp\/v2\/categories?post=3290"},{"taxonomy":"post_tag","embeddable":true,"href":"https:\/\/avukatimtv.com\/index.php\/wp-json\/wp\/v2\/tags?post=3290"}],"curies":[{"name":"wp","href":"https:\/\/api.w.org\/{rel}","templated":true}]}}