{"id":3293,"date":"2026-04-25T19:39:22","date_gmt":"2026-04-25T16:39:22","guid":{"rendered":"https:\/\/avukatimtv.com\/?p=3293"},"modified":"2026-04-25T19:39:22","modified_gmt":"2026-04-25T16:39:22","slug":"intihar-denmisti-cinayet-cikti-jasat-timi-alev-karagoz-dosyasini-yeniden-acti","status":"publish","type":"post","link":"https:\/\/avukatimtv.com\/index.php\/2026\/04\/25\/intihar-denmisti-cinayet-cikti-jasat-timi-alev-karagoz-dosyasini-yeniden-acti\/","title":{"rendered":"&#8220;\u0130ntihar&#8221; denmi\u015fti, cinayet \u00e7\u0131kt\u0131: JASAT timi Alev Karag\u00f6z dosyas\u0131n\u0131 yeniden a\u00e7t\u0131"},"content":{"rendered":"<div class=\"detailSpacing\">\n<div class=\"detailHead _detailHead_1m3dq_1\">\n<h2 class=\"_spot_1m3dq_491 m_8a5d1357 mantine-Title-root\" data-size=\"h1\" data-order=\"2\">Afyonkarahisar\u2019da 26 ya\u015f\u0131ndaki bir kad\u0131n\u0131n \u00f6l\u00fcm\u00fc ilk etapta intihar olarak kaydedildi. Ancak JASAT ekiplerinin yeniden a\u00e7t\u0131\u011f\u0131 dosyada yap\u0131lan detayl\u0131 inceleme sonucunda olay\u0131n cinayet oldu\u011fu ortaya \u00e7\u0131kar\u0131ld\u0131. Soru\u015fturmada eski e\u015fin de aralar\u0131nda bulundu\u011fu \u015f\u00fcpheliler g\u00f6zalt\u0131na al\u0131nd\u0131.<\/h2>\n<\/div>\n<\/div>\n<div class=\"detailContentSpacing\">\n<div class=\"_reactionBox_cmexl_1\">\n<div class=\"_reactionButtons_cmexl_8 m_4081bf90 mantine-Group-root\">\n<p class=\"mantine-focus-auto detailText m_b6d8b162 mantine-Text-root\" data-variant=\"text\" data-size=\"md\">Afyonkarahisar\u2019\u0131n \u00c7ay il\u00e7esine ba\u011fl\u0131 Ye\u015filyurt k\u00f6y\u00fcnde ge\u00e7ti\u011fimiz y\u0131l ya\u015fanan ve ba\u015flang\u0131\u00e7ta intihar olarak kay\u0131tlara ge\u00e7en kad\u0131n \u00f6l\u00fcm\u00fc, JASAT ekiplerinin y\u00fcr\u00fctt\u00fc\u011f\u00fc yeniden inceleme sonucu cinayet olarak ortaya \u00e7\u0131kt\u0131. Olayla ilgili soru\u015fturma geni\u015fletildi.<\/p>\n<div class=\"_nodeRenderer_7o776_1\"><span class=\"mantine-focus-auto detailText m_b6d8b162 mantine-Text-root\" data-variant=\"text\" data-size=\"md\">Olay ilk ba\u015fta intihar olarak kaydedildi<\/span><\/div>\n<p class=\"mantine-focus-auto detailText m_b6d8b162 mantine-Text-root\" data-variant=\"text\" data-size=\"md\">18 Ekim 2025\u2019te meydana gelen olayda, 112 Acil \u00c7a\u011fr\u0131 Merkezi\u2019ne gelen ihbar \u00fczerine b\u00f6lgeye sa\u011fl\u0131k ekipleri sevk edildi. Silahla yaralanm\u0131\u015f halde bulunan 26 ya\u015f\u0131ndaki Alev Karag\u00f6z, hastaneye kald\u0131r\u0131lmas\u0131na ra\u011fmen ya\u015fam\u0131n\u0131 yitirdi. \u0130lk de\u011ferlendirmelerde olay intihar olarak raporland\u0131.<\/p>\n<div class=\"mantine-focus-auto detailText m_b6d8b162 mantine-Text-root\" data-variant=\"text\" data-size=\"md\">\n<div class=\"_nodeRenderer_7o776_1\"><img decoding=\"async\" src=\"https:\/\/img.piri.net\/piri\/upload\/3\/2026\/4\/23\/b3483684-nvgs7lgu7f38wob9ovmvy.webp\" \/><\/div>\n<\/div>\n<div><\/div>\n<\/div>\n<\/div>\n<div class=\"_nodeRenderer_7o776_1\">\n<div class=\"_nodeRenderer_7o776_1\"><span class=\"mantine-focus-auto detailText m_b6d8b162 mantine-Text-root\" data-variant=\"text\" data-size=\"md\">JASAT dosyay\u0131 yeniden a\u00e7t\u0131<\/span><\/div>\n<p class=\"mantine-focus-auto detailText m_b6d8b162 mantine-Text-root\" data-variant=\"text\" data-size=\"md\">\u015e\u00fcpheli bulgular \u00fczerine Afyonkarahisar \u0130l Jandarma Komutanl\u0131\u011f\u0131\u2019na ba\u011fl\u0131 Jandarma Su\u00e7 Ara\u015ft\u0131rma Timi (JASAT) dosyay\u0131 yeniden incelemeye ald\u0131. Teknik ve saha \u00e7al\u0131\u015fmalar\u0131 sonucunda olay\u0131n intihar olmad\u0131\u011f\u0131na dair g\u00fc\u00e7l\u00fc delillere ula\u015f\u0131ld\u0131.<\/p>\n<div class=\"_nodeRenderer_7o776_1\"><span class=\"mantine-focus-auto detailText m_b6d8b162 mantine-Text-root\" data-variant=\"text\" data-size=\"md\">Cinayet \u015f\u00fcphesiyle g\u00f6zalt\u0131lar<\/span><\/div>\n<p class=\"mantine-focus-auto detailText m_b6d8b162 mantine-Text-root\" data-variant=\"text\" data-size=\"md\">Y\u00fcr\u00fct\u00fclen soru\u015fturma kapsam\u0131nda, aralar\u0131nda kad\u0131n\u0131n eski e\u015finin de bulundu\u011fu G.K. ve O.K. isimli ki\u015filer g\u00f6zalt\u0131na al\u0131nd\u0131. Elde edilen bulgular do\u011frultusunda olay\u0131n planl\u0131 bir cinayet oldu\u011fu de\u011ferlendirildi.<\/p>\n<\/div>\n<p data-variant=\"text\" data-size=\"md\"><img decoding=\"async\" src=\"https:\/\/img.piri.net\/piri\/upload\/3\/2026\/4\/23\/4f270549-puqpj6pyirn55lgzgw0vv6.webp\" \/><\/p>\n<\/div>\n<p data-variant=\"text\" data-size=\"md\">\n<div class=\"_nodeRenderer_7o776_1\"><span class=\"mantine-focus-auto detailText m_b6d8b162 mantine-Text-root\" data-variant=\"text\" data-size=\"md\">Tutuklama karar\u0131 verildi<\/span><\/div>\n<p class=\"mantine-focus-auto detailText m_b6d8b162 mantine-Text-root\" data-variant=\"text\" data-size=\"md\">Adliyeye sevk edilen \u015f\u00fcphelilerden Alev Karag\u00f6z\u2019\u00fcn eski e\u015fi, \u201ckasten \u00f6ld\u00fcrme\u201d su\u00e7lamas\u0131yla tutukland\u0131. O.K. ise \u201cdelil karartma\u201d \u015f\u00fcphesiyle cezaevine g\u00f6nderildi. Di\u011fer \u015f\u00fcpheli ise adli kontrols\u00fcz serbest b\u0131rak\u0131ld\u0131. JASAT ekiplerinin \u00e7al\u0131\u015fmas\u0131yla olay\u0131n intihar de\u011fil cinayet oldu\u011fu kesinlik kazand\u0131.<\/p>\n","protected":false},"excerpt":{"rendered":"<p>Afyonkarahisar\u2019da 26 ya\u015f\u0131ndaki bir kad\u0131n\u0131n \u00f6l\u00fcm\u00fc ilk etapta intihar olarak kaydedildi. Ancak JASAT ekiplerinin yeniden a\u00e7t\u0131\u011f\u0131 dosyada yap\u0131lan detayl\u0131 inceleme sonucunda olay\u0131n cinayet oldu\u011fu ortaya \u00e7\u0131kar\u0131ld\u0131. Soru\u015fturmada eski e\u015fin de aralar\u0131nda bulundu\u011fu \u015f\u00fcpheliler g\u00f6zalt\u0131na al\u0131nd\u0131. Afyonkarahisar\u2019\u0131n \u00c7ay il\u00e7esine ba\u011fl\u0131 Ye\u015filyurt k\u00f6y\u00fcnde ge\u00e7ti\u011fimiz y\u0131l ya\u015fanan ve ba\u015flang\u0131\u00e7ta intihar olarak kay\u0131tlara ge\u00e7en kad\u0131n \u00f6l\u00fcm\u00fc, JASAT ekiplerinin y\u00fcr\u00fctt\u00fc\u011f\u00fc [&hellip;]<\/p>\n","protected":false},"author":1,"featured_media":3294,"comment_status":"closed","ping_status":"closed","sticky":false,"template":"","format":"standard","meta":{"footnotes":""},"categories":[7,39],"tags":[133,385],"class_list":["post-3293","post","type-post","status-publish","format-standard","has-post-thumbnail","hentry","category-gundem","category-haber","tag-afyonkarahisar","tag-intihar"],"_links":{"self":[{"href":"https:\/\/avukatimtv.com\/index.php\/wp-json\/wp\/v2\/posts\/3293","targetHints":{"allow":["GET"]}}],"collection":[{"href":"https:\/\/avukatimtv.com\/index.php\/wp-json\/wp\/v2\/posts"}],"about":[{"href":"https:\/\/avukatimtv.com\/index.php\/wp-json\/wp\/v2\/types\/post"}],"author":[{"embeddable":true,"href":"https:\/\/avukatimtv.com\/index.php\/wp-json\/wp\/v2\/users\/1"}],"replies":[{"embeddable":true,"href":"https:\/\/avukatimtv.com\/index.php\/wp-json\/wp\/v2\/comments?post=3293"}],"version-history":[{"count":1,"href":"https:\/\/avukatimtv.com\/index.php\/wp-json\/wp\/v2\/posts\/3293\/revisions"}],"predecessor-version":[{"id":3295,"href":"https:\/\/avukatimtv.com\/index.php\/wp-json\/wp\/v2\/posts\/3293\/revisions\/3295"}],"wp:featuredmedia":[{"embeddable":true,"href":"https:\/\/avukatimtv.com\/index.php\/wp-json\/wp\/v2\/media\/3294"}],"wp:attachment":[{"href":"https:\/\/avukatimtv.com\/index.php\/wp-json\/wp\/v2\/media?parent=3293"}],"wp:term":[{"taxonomy":"category","embeddable":true,"href":"https:\/\/avukatimtv.com\/index.php\/wp-json\/wp\/v2\/categories?post=3293"},{"taxonomy":"post_tag","embeddable":true,"href":"https:\/\/avukatimtv.com\/index.php\/wp-json\/wp\/v2\/tags?post=3293"}],"curies":[{"name":"wp","href":"https:\/\/api.w.org\/{rel}","templated":true}]}}