{"id":3298,"date":"2026-04-28T18:14:18","date_gmt":"2026-04-28T15:14:18","guid":{"rendered":"https:\/\/avukatimtv.com\/?p=3298"},"modified":"2026-04-28T18:14:18","modified_gmt":"2026-04-28T15:14:18","slug":"diyarbakirda-kaybolan-3-yasindaki-yazgul-sag-bulundu","status":"publish","type":"post","link":"https:\/\/avukatimtv.com\/index.php\/2026\/04\/28\/diyarbakirda-kaybolan-3-yasindaki-yazgul-sag-bulundu\/","title":{"rendered":"Diyarbak\u0131r&#8217;da kaybolan 3 ya\u015f\u0131ndaki Yazg\u00fcl, sa\u011f bulundu"},"content":{"rendered":"<h2 id=\"spot\" class=\"mt10 haber_ozet\">ARAZ\u0130DE SA\u011e BULUNDUDiyarbak\u0131r&#8217;\u0131n Ba\u011flar il\u00e7esinde d\u0131\u015far\u0131da karde\u015fleriyle oynarken kaybolan Yazg\u00fcl K. i\u00e7in evlerinin yak\u0131nlar\u0131ndan ge\u00e7en sulama kanal\u0131 ile arazide arama yap\u0131ld\u0131.<\/h2>\n<div class=\"news-detail-container\">\n<div class=\"left-block\">\n<div class=\"wrapper detay-v3_3 haber_metni\">\n<p>&nbsp;<\/p>\n<p>&nbsp;<\/p>\n<p>ARAZ\u0130DE SA\u011e BULUNDU<\/p>\n<p>Diyarbak\u0131r&#8217;\u0131n\u00a0Ba\u011flar\u00a0il\u00e7esinde d\u0131\u015far\u0131da karde\u015fleriyle oynarken kaybolan Yazg\u00fcl K. i\u00e7in evlerinin yak\u0131nlar\u0131ndan ge\u00e7en sulama kanal\u0131 ile arazide arama yap\u0131ld\u0131. Yap\u0131lan \u00e7al\u0131\u015fmalarla Yazg\u00fcl K., arazide sa\u011f olarak bulundu. Sa\u011fl\u0131k durumunun iyi oldu\u011fu \u00f6\u011frenilen Yazg\u00fcl K.&#8217;nin, ambulansta kontrolleri yap\u0131ld\u0131.<\/p>\n<p>&#8216;KARDE\u015eLER\u0130 DE FARK ETMEM\u0130\u015e&#8217;<\/p>\n<p>Yazg\u00fcl K.&#8217;nin amcas\u0131 Mehmet Cevher K., &#8220;\u00d6\u011fle civar\u0131nda kaybolmu\u015f. Annesi evde i\u015f yaparken \u00e7ocuk d\u0131\u015far\u0131da karde\u015fleriyle oynuyor. \u00c7ocu\u011fun olmad\u0131\u011f\u0131n\u0131 fark etmi\u015f ve aram\u0131\u015f. Bulamay\u0131nca babas\u0131n\u0131 aram\u0131\u015f. Babas\u0131 Hatay&#8217;da in\u015faat i\u015f\u00e7isi. Babas\u0131 da bize haber verdi &#8216;\u00c7ocuk yok&#8217; diye. Ben de yetkilileri arad\u0131m. Karde\u015fleri de fark etmemi\u015f&#8221; dedi.<\/p>\n<\/div>\n<\/div>\n<\/div>\n","protected":false},"excerpt":{"rendered":"<p>ARAZ\u0130DE SA\u011e BULUNDUDiyarbak\u0131r&#8217;\u0131n Ba\u011flar il\u00e7esinde d\u0131\u015far\u0131da karde\u015fleriyle oynarken kaybolan Yazg\u00fcl K. i\u00e7in evlerinin yak\u0131nlar\u0131ndan ge\u00e7en sulama kanal\u0131 ile arazide arama yap\u0131ld\u0131. &nbsp; &nbsp; ARAZ\u0130DE SA\u011e BULUNDU Diyarbak\u0131r&#8217;\u0131n\u00a0Ba\u011flar\u00a0il\u00e7esinde d\u0131\u015far\u0131da karde\u015fleriyle oynarken kaybolan Yazg\u00fcl K. i\u00e7in evlerinin yak\u0131nlar\u0131ndan ge\u00e7en sulama kanal\u0131 ile arazide arama yap\u0131ld\u0131. Yap\u0131lan \u00e7al\u0131\u015fmalarla Yazg\u00fcl K., arazide sa\u011f olarak bulundu. Sa\u011fl\u0131k durumunun iyi oldu\u011fu [&hellip;]<\/p>\n","protected":false},"author":1,"featured_media":3299,"comment_status":"closed","ping_status":"closed","sticky":false,"template":"","format":"standard","meta":{"footnotes":""},"categories":[7,39],"tags":[378,586,334],"class_list":["post-3298","post","type-post","status-publish","format-standard","has-post-thumbnail","hentry","category-gundem","category-haber","tag-diyarbakir","tag-baglar","tag-guncel"],"_links":{"self":[{"href":"https:\/\/avukatimtv.com\/index.php\/wp-json\/wp\/v2\/posts\/3298","targetHints":{"allow":["GET"]}}],"collection":[{"href":"https:\/\/avukatimtv.com\/index.php\/wp-json\/wp\/v2\/posts"}],"about":[{"href":"https:\/\/avukatimtv.com\/index.php\/wp-json\/wp\/v2\/types\/post"}],"author":[{"embeddable":true,"href":"https:\/\/avukatimtv.com\/index.php\/wp-json\/wp\/v2\/users\/1"}],"replies":[{"embeddable":true,"href":"https:\/\/avukatimtv.com\/index.php\/wp-json\/wp\/v2\/comments?post=3298"}],"version-history":[{"count":1,"href":"https:\/\/avukatimtv.com\/index.php\/wp-json\/wp\/v2\/posts\/3298\/revisions"}],"predecessor-version":[{"id":3300,"href":"https:\/\/avukatimtv.com\/index.php\/wp-json\/wp\/v2\/posts\/3298\/revisions\/3300"}],"wp:featuredmedia":[{"embeddable":true,"href":"https:\/\/avukatimtv.com\/index.php\/wp-json\/wp\/v2\/media\/3299"}],"wp:attachment":[{"href":"https:\/\/avukatimtv.com\/index.php\/wp-json\/wp\/v2\/media?parent=3298"}],"wp:term":[{"taxonomy":"category","embeddable":true,"href":"https:\/\/avukatimtv.com\/index.php\/wp-json\/wp\/v2\/categories?post=3298"},{"taxonomy":"post_tag","embeddable":true,"href":"https:\/\/avukatimtv.com\/index.php\/wp-json\/wp\/v2\/tags?post=3298"}],"curies":[{"name":"wp","href":"https:\/\/api.w.org\/{rel}","templated":true}]}}