{"id":3301,"date":"2026-04-28T18:15:09","date_gmt":"2026-04-28T15:15:09","guid":{"rendered":"https:\/\/avukatimtv.com\/?p=3301"},"modified":"2026-04-28T18:15:09","modified_gmt":"2026-04-28T15:15:09","slug":"diyarbakirda-bacalar-dijital-takipte-yangin-riski-ortaya-cikmadan-mudahale-ediliyor","status":"publish","type":"post","link":"https:\/\/avukatimtv.com\/index.php\/2026\/04\/28\/diyarbakirda-bacalar-dijital-takipte-yangin-riski-ortaya-cikmadan-mudahale-ediliyor\/","title":{"rendered":"Diyarbak\u0131r&#8217;da bacalar dijital takipte: Yang\u0131n riski ortaya \u00e7\u0131kmadan m\u00fcdahale ediliyor"},"content":{"rendered":"<h2 id=\"spot\" class=\"mt10 haber_ozet\">Diyarbak\u0131r B\u00fcy\u00fck\u015fehir Belediyesi, geli\u015ftirdi\u011fi dijital takip sistemiyle bacalar\u0131 d\u00fczenli olarak denetleyerek yang\u0131n ve zehirlenme risklerini ortaya \u00e7\u0131kmadan \u00f6nl\u00fcyor.<\/h2>\n<div class=\"news-detail-container\">\n<div class=\"left-block\">\n<div class=\"wrapper detay-v3_3 haber_metni\">\n<p>Diyarbak\u0131r B\u00fcy\u00fck\u015fehir Belediyesi, geli\u015ftirdi\u011fi dijital takip sistemiyle bacalar\u0131 d\u00fczenli olarak denetleyerek yang\u0131n ve zehirlenme risklerini ortaya \u00e7\u0131kmadan \u00f6nl\u00fcyor. Hayata ge\u00e7irilen uygulama sayesinde hem can ve mal g\u00fcvenli\u011fi korunuyor hem de baca kaynakl\u0131 yang\u0131nlarda dikkat \u00e7ekici bir d\u00fc\u015f\u00fc\u015f sa\u011flan\u0131yor.<\/p>\n<p>\u0130tfaiye Dairesi Ba\u015fkanl\u0131\u011f\u0131, \u00f6nleyici faaliyetler kapsam\u0131nda yang\u0131n riskini ortadan kald\u0131rmak ve muhtemel zehirlenmelerin \u00f6n\u00fcne ge\u00e7mek i\u00e7in baca temizlik i\u015flemlerine devam ediyor. Olas\u0131 baca kaynakl\u0131 yang\u0131n ve zehirlenmelerin \u00f6n\u00fcne ge\u00e7mek amac\u0131yla \u0130tfaiye Dairesi Ba\u015fkanl\u0131\u011f\u0131, Bilgi \u0130\u015flem Dairesi Ba\u015fkanl\u0131\u011f\u0131 ile ortakla\u015farak bir yaz\u0131l\u0131m program\u0131 geli\u015ftirdi. Yaz\u0131l\u0131m sayesinde Diyarbak\u0131r&#8217;daki t\u00fcm i\u015fletmeler ve konutlar dijital bir harita \u00fczerinde bir araya getirildi. Sistem, sadece bir veri taban\u0131 olman\u0131n \u00f6tesinde, t\u0131pk\u0131 bir &#8220;ya\u015fam n\u00f6bet\u00e7isi&#8221; gibi \u00e7al\u0131\u015f\u0131yor. \u0130\u015fletmeler i\u00e7in restoran ve lokantalar gibi yo\u011fun baca kullan\u0131m\u0131 olan i\u015f yerlerinde 3 ayda bir, f\u0131r\u0131nlarda 6 ayda bir, k\u00f6m\u00fcr ve odun kullan\u0131lan konutlarda ise y\u0131lda 1 kez yap\u0131lmas\u0131 gereken temizlik zamanlar\u0131 sistem taraf\u0131ndan otomatik olarak takip ediliyor. Vatanda\u015flar\u0131n temizlik takvimini unutma ihtimaline kar\u015f\u0131 sistem, ilgili hane veya i\u015f yeri sahibine otomatik bilgilendirme SMS&#8217;i g\u00f6nderiyor. Bu hat\u0131rlatman\u0131n ard\u0131ndan \u0130tfaiye Dairesi b\u00fcnyesindeki uzman &#8220;Baca Amirli\u011fi&#8221; ekipleri devreye girerek profesyonel temizlik ve denetim s\u00fcrecini ba\u015flat\u0131yor.<\/p>\n<p>Odak noktas\u0131 insan ve g\u00fcvenlik<\/p>\n<p>Bu \u00e7al\u0131\u015fman\u0131n temelinde iki kritik hedef yer al\u0131yor, yang\u0131n riskini s\u0131f\u0131rlamak. Bacalarda biriken ya\u011f ve kurum tabakalar\u0131, k\u00fc\u00e7\u00fck bir k\u0131v\u0131lc\u0131mla b\u00fcy\u00fck \u00e7at\u0131 yang\u0131nlar\u0131na d\u00f6n\u00fc\u015febiliyor. Ekipler, bu yak\u0131t kayna\u011f\u0131n\u0131 hen\u00fcz parlamadan temizleyerek yang\u0131n vb. tehlikelerin \u00f6n\u00fcne ge\u00e7iyor. T\u0131kan\u0131kl\u0131k nedeniyle geri tepen duman\u0131n yol a\u00e7t\u0131\u011f\u0131 karbonmonoksit zehirlenmeleri, bu sistemli temizlik sayesinde bir risk olmaktan \u00e7\u0131k\u0131yor. B\u00fcy\u00fck\u015fehir Belediyesi, kurdu\u011fu bu dijital denetim mekanizmas\u0131yla vatanda\u015flar\u0131 sadece yang\u0131n an\u0131nda kurtarmay\u0131 de\u011fil, o yang\u0131n\u0131n hi\u00e7 \u00e7\u0131kmamas\u0131n\u0131 sa\u011flamay\u0131 ama\u00e7l\u0131yor. M\u00fcdahale eden de\u011fil, \u00f6nleyen bir sistemle mal kay\u0131plar\u0131n\u0131n da \u00f6n\u00fcne ge\u00e7iliyor.<\/p>\n<p>Yaz\u0131l\u0131m sonras\u0131 baca yang\u0131nlar\u0131nda d\u00fc\u015f\u00fc\u015f ya\u015fand\u0131<\/p>\n<p>Sistem devreye girmeden \u00f6nce 2024-2025 y\u0131llar\u0131 aras\u0131nda 18 ayl\u0131k zaman aral\u0131\u011f\u0131nda baca kaynakl\u0131 264 yang\u0131n olay\u0131na m\u00fcdahale eden ekipler, geli\u015ftirilen yaz\u0131l\u0131m program\u0131 sonras\u0131nda 10 ayl\u0131k zaman diliminde 36 baca yang\u0131n\u0131na m\u00fcdahalede bulundu. Konuya dair bilgi veren \u0130tfaiye E\u011fitim \u015eube M\u00fcd\u00fcr\u00fc \u0130hsan Gezer, \u0130tfaiye Y\u00f6netmeli\u011finde baca temizli\u011finin itfaiyenin asli g\u00f6revleri aras\u0131nda oldu\u011funu belirterek, baca temizlik hizmetinden lokantalar, restoranlar, i\u015f yerleri ve ayn\u0131 zamanda bacal\u0131 konutlar\u0131n yararland\u0131\u011f\u0131n\u0131 s\u00f6yledi. Baca temizli\u011fiyle muhtemel yang\u0131n felaketlerinin \u00f6n\u00fcne ge\u00e7tiklerini vurgulayan Gezer, sistem kurulmadan \u00f6nce bu temizli\u011fin i\u015f yerlerinin ba\u015fvurusu ile ger\u00e7ekle\u015fti\u011fini, bunu daha sistematik bir hale getirmek i\u00e7in yaz\u0131l\u0131m program\u0131 geli\u015ftirdiklerini ifade etti. Sistem dahilinde Diyarbak\u0131r il s\u0131n\u0131rlar\u0131 i\u00e7erisinde ve k\u0131rsal il\u00e7elerde baca kullanan t\u00fcm i\u015f yerlerini kay\u0131t alt\u0131na ald\u0131klar\u0131n\u0131 kaydeden Gezer, ayr\u0131ca k\u00f6m\u00fcr veya odun kullanan haneleri de sisteme tan\u0131mlad\u0131klar\u0131n\u0131 belirtti.<\/p>\n<p>&#8220;Lokantalar 3 ayda, f\u0131r\u0131nlar 6 ayda bir baca temizli\u011fi yap\u0131yor&#8221;<\/p>\n<p>Gezer, olu\u015fturduklar\u0131 sistemle lokantalarda 3 ayda bir, f\u0131r\u0131nlarda 6 ayda bir ve konutlarda y\u0131lda bir baca temizli\u011fini zorunlu hale getirdiklerini, temizlik sonras\u0131 tarihin sisteme girildi\u011fini ve bir sonraki temizlik zaman\u0131 geldi\u011finde i\u015f yerleri ile konutlara otomatik SMS g\u00f6nderildi\u011fini, ard\u0131ndan ekiplerin temizlik i\u00e7in harekete ge\u00e7ti\u011fini ifade etti. Sistemin devreye girmesiyle baca yang\u0131nlar\u0131nda ciddi bir d\u00fc\u015f\u00fc\u015f ya\u015fand\u0131\u011f\u0131na dikkat \u00e7eken Gezer, &#8220;2025 y\u0131l\u0131nda bu sistemi kurduktan sonra baca yang\u0131nlar\u0131nda ciddi bir d\u00fc\u015f\u00fc\u015f ya\u015fand\u0131. Biz bunu daha sistemli bir \u015fekilde ilerletmeye karar verdik. Zab\u0131ta Daire Ba\u015fkanl\u0131\u011f\u0131m\u0131z\u0131 da i\u015fin i\u00e7ine katarak temizlikten ka\u00e7\u0131nan i\u015f yerlerine ve konutlara cezai bir sistem uygulamaya ba\u015flad\u0131k. Olas\u0131 felaketlerin \u00f6n\u00fcne ge\u00e7mek i\u00e7in bu i\u015fi sistemli, programl\u0131 bir \u015fekilde y\u00fcr\u00fctmeye kararl\u0131y\u0131z&#8221; dedi.<\/p>\n<p>Sistemle baca yang\u0131nlar\u0131ndan kaynaklanabilecek can ve mal kay\u0131plar\u0131n\u0131 s\u0131f\u0131ra indirmeyi hedeflediklerini dile getiren Gezer, &#8220;\u00c7ok \u00fcz\u00fcc\u00fc olaylar ya\u015fam\u0131\u015ft\u0131k. Daha \u00f6nce baca yang\u0131nlar\u0131ndan kaynakl\u0131 \u00e7at\u0131 yang\u0131nlar\u0131 \u00e7\u0131km\u0131\u015ft\u0131. Bu \u00e7at\u0131 yang\u0131nlar\u0131nda yaralanan arkada\u015flar\u0131m\u0131z ve vatanda\u015flar\u0131m\u0131z olmu\u015ftu. Bu programdaki ana mantalite \u015fu: Can ve mal kayb\u0131n\u0131 s\u0131f\u0131ra indirmek. \u0130leriki s\u00fcre\u00e7te bunu geli\u015ftirerek s\u00fcrd\u00fcrece\u011fiz&#8221; diye konu\u015ftu.<\/p>\n<p>&#8220;Sistemde kay\u0131tl\u0131 bin 36 i\u015f yeri var&#8221;<\/p>\n<p>Sisteme kay\u0131tl\u0131 bin 36 i\u015f yerinin bulundu\u011funu aktaran Gezer, bunlardan 673&#8217;\u00fcn\u00fcn lokanta, 363&#8217;\u00fcn\u00fcn f\u0131r\u0131n ve 12&#8217;sinin de bina oldu\u011funu aktard\u0131. Gezer, &#8220;Diyarbak\u0131r genelinde bacas\u0131 olan t\u00fcm i\u015fletmeleri ve konutlar\u0131 sisteme y\u00fcklemi\u015f durumday\u0131z. Y\u0131l i\u00e7erisinde bunlar\u0131n temizli\u011fini yap\u0131yoruz ve baca yang\u0131nlar\u0131nda ciddi bir d\u00fc\u015f\u00fc\u015f ya\u015fad\u0131k. \u015eimdi bu sistemi daha da geli\u015ftirmek i\u00e7in \u00e7al\u0131\u015f\u0131yoruz&#8221; \u015feklinde konu\u015ftu.<\/p>\n<p>Diyarbak\u0131r&#8217;da yeme-i\u00e7me sekt\u00f6r\u00fcnde faaliyet y\u00fcr\u00fcten i\u015fletme sahibi Emrullah Omar, baca temizli\u011fini s\u00fcrekli belediye ile birlikte y\u00fcr\u00fctt\u00fcklerini ve verilen hizmetten memnun olduklar\u0131n\u0131 s\u00f6yledi.<\/p>\n<p>Daha \u00f6nce baca temizli\u011finin 6 ayda bir yap\u0131ld\u0131\u011f\u0131n\u0131, artan risklerden dolay\u0131 zaman aral\u0131\u011f\u0131n\u0131n 3 aya d\u00fc\u015f\u00fcr\u00fcld\u00fc\u011f\u00fcn\u00fc ifade eden Omar, &#8220;Her 3 ay\u0131n sonunda zaten bize belediyeden resmi mesaj geliyor. Bu tarihte bacan\u0131z temizlenecek diye. Geldikleri zaman da en iyi \u015fekilde bacalar\u0131m\u0131z\u0131 temizleyip gidiyorlar&#8221; dedi.<\/p>\n<p>Bunun d\u0131\u015f\u0131nda kendisine ait \u00f6zel bir baca temizleyicisinin oldu\u011funu belirten Omar, onun da belirli periyotlarda bacan\u0131n i\u00e7 k\u0131sm\u0131n\u0131 temizledi\u011fini, d\u0131\u015f k\u0131sm\u0131n\u0131n ise \u0130tfaiye ekipleri taraf\u0131ndan temizlendi\u011fini ifade etti.<\/p>\n<p>&#8220;Bacalar zaman\u0131nda temizlenmedi\u011finde y\u00fcksek risk olu\u015fturur&#8221;<\/p>\n<p>Omar, i\u015fletmelerinde kebap oca\u011f\u0131 ve f\u0131r\u0131n i\u00e7in ayr\u0131 bacalar kulland\u0131klar\u0131n\u0131, tek baca olmas\u0131 durumunda riskin daha y\u00fcksek olaca\u011f\u0131n\u0131 belirterek, \u00f6zellikle ya\u011fl\u0131 olan kebap oca\u011f\u0131 bacas\u0131nda tutu\u015fma ihtimalinin daha fazla oldu\u011funu; temizliklerin zaman\u0131nda yap\u0131lmamas\u0131 halinde yang\u0131n riskinin ciddi \u015fekilde artt\u0131\u011f\u0131n\u0131 ve bunun hem i\u015f yerine hem de bina sakinlerine zarar verebilece\u011fini anlatt\u0131. Baca temizli\u011fi yap\u0131ld\u0131\u011f\u0131nda kendilerini daha g\u00fcvende hissettiklerini belirten Omar, &#8220;Biliyoruz ki bacada temizlik yap\u0131lm\u0131\u015f, daha rahat\u0131z o konuda. \u00d6nceden 6 ayda birdi. Tabii y\u0131lda iki defa olunca maliyet daha az oluyordu. \u015eimdi y\u0131lda 4 defaya \u00e7\u0131kar\u0131ld\u0131. Maliyet olarak biraz art\u0131\u015f oldu ister istemez. Ama \u00f6nemli de\u011fil. \u00c7\u00fcnk\u00fc sizi b\u00fcy\u00fck bir y\u00fckten ve b\u00fcy\u00fck bir sorumluluktan kurtar\u0131yorlar. O y\u00fczden temizlik her zaman \u015fart. Bu konuda fiyata bakmamak laz\u0131m&#8221; ifadelerini kulland\u0131. &#8211; D\u0130YARBAKIR<\/p>\n<\/div>\n<\/div>\n<\/div>\n","protected":false},"excerpt":{"rendered":"<p>Diyarbak\u0131r B\u00fcy\u00fck\u015fehir Belediyesi, geli\u015ftirdi\u011fi dijital takip sistemiyle bacalar\u0131 d\u00fczenli olarak denetleyerek yang\u0131n ve zehirlenme risklerini ortaya \u00e7\u0131kmadan \u00f6nl\u00fcyor. Diyarbak\u0131r B\u00fcy\u00fck\u015fehir Belediyesi, geli\u015ftirdi\u011fi dijital takip sistemiyle bacalar\u0131 d\u00fczenli olarak denetleyerek yang\u0131n ve zehirlenme risklerini ortaya \u00e7\u0131kmadan \u00f6nl\u00fcyor. Hayata ge\u00e7irilen uygulama sayesinde hem can ve mal g\u00fcvenli\u011fi korunuyor hem de baca kaynakl\u0131 yang\u0131nlarda dikkat \u00e7ekici bir d\u00fc\u015f\u00fc\u015f [&hellip;]<\/p>\n","protected":false},"author":1,"featured_media":3302,"comment_status":"closed","ping_status":"closed","sticky":false,"template":"","format":"standard","meta":{"footnotes":""},"categories":[7,39],"tags":[],"class_list":["post-3301","post","type-post","status-publish","format-standard","has-post-thumbnail","hentry","category-gundem","category-haber"],"_links":{"self":[{"href":"https:\/\/avukatimtv.com\/index.php\/wp-json\/wp\/v2\/posts\/3301","targetHints":{"allow":["GET"]}}],"collection":[{"href":"https:\/\/avukatimtv.com\/index.php\/wp-json\/wp\/v2\/posts"}],"about":[{"href":"https:\/\/avukatimtv.com\/index.php\/wp-json\/wp\/v2\/types\/post"}],"author":[{"embeddable":true,"href":"https:\/\/avukatimtv.com\/index.php\/wp-json\/wp\/v2\/users\/1"}],"replies":[{"embeddable":true,"href":"https:\/\/avukatimtv.com\/index.php\/wp-json\/wp\/v2\/comments?post=3301"}],"version-history":[{"count":1,"href":"https:\/\/avukatimtv.com\/index.php\/wp-json\/wp\/v2\/posts\/3301\/revisions"}],"predecessor-version":[{"id":3303,"href":"https:\/\/avukatimtv.com\/index.php\/wp-json\/wp\/v2\/posts\/3301\/revisions\/3303"}],"wp:featuredmedia":[{"embeddable":true,"href":"https:\/\/avukatimtv.com\/index.php\/wp-json\/wp\/v2\/media\/3302"}],"wp:attachment":[{"href":"https:\/\/avukatimtv.com\/index.php\/wp-json\/wp\/v2\/media?parent=3301"}],"wp:term":[{"taxonomy":"category","embeddable":true,"href":"https:\/\/avukatimtv.com\/index.php\/wp-json\/wp\/v2\/categories?post=3301"},{"taxonomy":"post_tag","embeddable":true,"href":"https:\/\/avukatimtv.com\/index.php\/wp-json\/wp\/v2\/tags?post=3301"}],"curies":[{"name":"wp","href":"https:\/\/api.w.org\/{rel}","templated":true}]}}