{"id":3304,"date":"2026-04-28T18:16:00","date_gmt":"2026-04-28T15:16:00","guid":{"rendered":"https:\/\/avukatimtv.com\/?p=3304"},"modified":"2026-04-28T18:16:00","modified_gmt":"2026-04-28T15:16:00","slug":"diyarbakirdaki-dugunde-kaydedilen-goruntuler-ses-getirdi","status":"publish","type":"post","link":"https:\/\/avukatimtv.com\/index.php\/2026\/04\/28\/diyarbakirdaki-dugunde-kaydedilen-goruntuler-ses-getirdi\/","title":{"rendered":"Diyarbak\u0131r&#8217;daki d\u00fc\u011f\u00fcnde kaydedilen g\u00f6r\u00fcnt\u00fcler ses getirdi"},"content":{"rendered":"<h2 id=\"spot\" class=\"mt10 haber_ozet\">Diyarbak\u0131r\u2019da bir d\u00fc\u011f\u00fcnde kaydedilen g\u00f6r\u00fcnt\u00fcler sosyal medyada g\u00fcndem oldu. Halay s\u0131ras\u0131nda ya\u015fanan ilgin\u00e7 anlar, \u00f6zellikle davetlilerin enerjisi ve dikkat \u00e7eken detaylarla izleyenlerin ilgisini \u00e7ekti.<\/h2>\n<div class=\"news-detail-container\">\n<div class=\"left-block\">\n<div class=\"wrapper detay-v3_3 haber_metni\">\n<p>Diyarbak\u0131r\u2019da bir d\u00fc\u011f\u00fcnde kaydedilen g\u00f6r\u00fcnt\u00fcler sosyal medyada dikkat \u00e7ekti. G\u00f6r\u00fcnt\u00fclerde davetlilerin halay \u00e7ekti\u011fi s\u0131rada ortaya \u00e7\u0131kan ilgin\u00e7 anlar izleyenleri hem \u015fa\u015f\u0131rtt\u0131 hem de g\u00fcld\u00fcrd\u00fc.<\/p>\n<p>D\u00fc\u011f\u00fcn salonunda \u00e7ekilen videoda, y\u00f6resel m\u00fczik e\u015fli\u011finde halay \u00e7eken grup dikkat \u00e7ekerken, \u00f6zellikle ya\u015fl\u0131 bir davetlinin enerjisi \u00f6ne \u00e7\u0131kt\u0131. Ba\u015f\u0131nda pu\u015fi bulunan ya\u015fl\u0131 adam\u0131n halaya uyum sa\u011flamas\u0131 ve ritme ayak uydurmas\u0131 g\u00f6r\u00fcnt\u00fclere damga vurdu.<\/p>\n<h3>KOLLARINDAN TUTUP FIRLATTI<\/h3>\n<p>\u00d6te yandan gen\u00e7 bir adam\u0131n \u00e7evresindeki \u00e7ocuklar\u0131 kollar\u0131ndan tutup piste f\u0131rlatmas\u0131 ve ortaya \u00e7\u0131kan g\u00f6r\u00fcnt\u00fcler b\u00fcy\u00fck ses getirdi.<\/p>\n<\/div>\n<\/div>\n<\/div>\n","protected":false},"excerpt":{"rendered":"<p>Diyarbak\u0131r\u2019da bir d\u00fc\u011f\u00fcnde kaydedilen g\u00f6r\u00fcnt\u00fcler sosyal medyada g\u00fcndem oldu. Halay s\u0131ras\u0131nda ya\u015fanan ilgin\u00e7 anlar, \u00f6zellikle davetlilerin enerjisi ve dikkat \u00e7eken detaylarla izleyenlerin ilgisini \u00e7ekti. Diyarbak\u0131r\u2019da bir d\u00fc\u011f\u00fcnde kaydedilen g\u00f6r\u00fcnt\u00fcler sosyal medyada dikkat \u00e7ekti. G\u00f6r\u00fcnt\u00fclerde davetlilerin halay \u00e7ekti\u011fi s\u0131rada ortaya \u00e7\u0131kan ilgin\u00e7 anlar izleyenleri hem \u015fa\u015f\u0131rtt\u0131 hem de g\u00fcld\u00fcrd\u00fc. D\u00fc\u011f\u00fcn salonunda \u00e7ekilen videoda, y\u00f6resel m\u00fczik e\u015fli\u011finde [&hellip;]<\/p>\n","protected":false},"author":1,"featured_media":3306,"comment_status":"closed","ping_status":"closed","sticky":false,"template":"","format":"standard","meta":{"footnotes":""},"categories":[7,39],"tags":[],"class_list":["post-3304","post","type-post","status-publish","format-standard","has-post-thumbnail","hentry","category-gundem","category-haber"],"_links":{"self":[{"href":"https:\/\/avukatimtv.com\/index.php\/wp-json\/wp\/v2\/posts\/3304","targetHints":{"allow":["GET"]}}],"collection":[{"href":"https:\/\/avukatimtv.com\/index.php\/wp-json\/wp\/v2\/posts"}],"about":[{"href":"https:\/\/avukatimtv.com\/index.php\/wp-json\/wp\/v2\/types\/post"}],"author":[{"embeddable":true,"href":"https:\/\/avukatimtv.com\/index.php\/wp-json\/wp\/v2\/users\/1"}],"replies":[{"embeddable":true,"href":"https:\/\/avukatimtv.com\/index.php\/wp-json\/wp\/v2\/comments?post=3304"}],"version-history":[{"count":1,"href":"https:\/\/avukatimtv.com\/index.php\/wp-json\/wp\/v2\/posts\/3304\/revisions"}],"predecessor-version":[{"id":3307,"href":"https:\/\/avukatimtv.com\/index.php\/wp-json\/wp\/v2\/posts\/3304\/revisions\/3307"}],"wp:featuredmedia":[{"embeddable":true,"href":"https:\/\/avukatimtv.com\/index.php\/wp-json\/wp\/v2\/media\/3306"}],"wp:attachment":[{"href":"https:\/\/avukatimtv.com\/index.php\/wp-json\/wp\/v2\/media?parent=3304"}],"wp:term":[{"taxonomy":"category","embeddable":true,"href":"https:\/\/avukatimtv.com\/index.php\/wp-json\/wp\/v2\/categories?post=3304"},{"taxonomy":"post_tag","embeddable":true,"href":"https:\/\/avukatimtv.com\/index.php\/wp-json\/wp\/v2\/tags?post=3304"}],"curies":[{"name":"wp","href":"https:\/\/api.w.org\/{rel}","templated":true}]}}