{"id":3308,"date":"2026-04-28T18:18:02","date_gmt":"2026-04-28T15:18:02","guid":{"rendered":"https:\/\/avukatimtv.com\/?p=3308"},"modified":"2026-04-28T18:18:02","modified_gmt":"2026-04-28T15:18:02","slug":"dini-nikahli-esi-30-yerinden-bicakladi-yarim-kalan-isini-tamamlayacak","status":"publish","type":"post","link":"https:\/\/avukatimtv.com\/index.php\/2026\/04\/28\/dini-nikahli-esi-30-yerinden-bicakladi-yarim-kalan-isini-tamamlayacak\/","title":{"rendered":"Dini nikahl\u0131 e\u015fi 30 yerinden b\u0131\u00e7aklad\u0131: Yar\u0131m kalan i\u015fini tamamlayacak"},"content":{"rendered":"<h2 id=\"spot\" class=\"mt10 haber_ozet\">Diyarbak\u0131r&#8217;da 58 ya\u015f\u0131ndaki bir \u015fah\u0131s, dini nikahl\u0131 e\u015fini apartman\u0131n giri\u015finde pusu kurarak 30 yerinden b\u0131\u00e7aklad\u0131. \u00d6l\u00fcmden d\u00f6nen kad\u0131n 3 g\u00fcn yo\u011fun bak\u0131mda tedavi g\u00f6rd\u00fc. Sald\u0131rgan adam tutuklan\u0131rken kad\u0131n, &#8220;Yar\u0131m kalan i\u015fini de tamamlayaca\u011f\u0131ndan korkuyorum, a\u00e7\u0131k s\u00f6yleyeyim. \u00c7\u0131k\u0131p beni tekrar \u00f6ld\u00fcrecek. Buna da ben eminim. \u00c7\u0131kmamas\u0131 i\u00e7in devletime sonsuz g\u00fcvenim var&#8221; dedi.<\/h2>\n<div class=\"news-detail-container\">\n<div class=\"left-block\">\n<div class=\"wrapper detay-v3_3 haber_metni\">\n<p>Diyarbak\u0131r\u2019da dini nikahl\u0131 e\u015fine pusu kuran 58 ya\u015f\u0131ndaki \u015fah\u0131s, 40 ya\u015f\u0131ndaki kad\u0131n\u0131 30 yerinden b\u0131\u00e7aklad\u0131. \u00dc\u00e7 g\u00fcn yo\u011fun bak\u0131mda kalan kad\u0131n hayatta kalmay\u0131 ba\u015far\u0131rken, sald\u0131rgan\u0131n tahliye edilmesi halinde hayat\u0131n\u0131n tehlikede oldu\u011funu belirterek koruma talep etti.<\/p>\n<h3>AYRILIK SONRASI YEN\u0130DEN GELD\u0130, TARTI\u015eMA \u00c7IKARDI<\/h3>\n<p>Olay, 3 Nisan\u2019da meydana geldi. Edinilen bilgilere g\u00f6re M.Z.B. (58) ile F.D. (40) aras\u0131nda 16 y\u0131ll\u0131k bir birliktelik bulunuyordu. Bir s\u00fcre \u00f6nce ayr\u0131lan \u00e7iftin, olaydan d\u00f6rt g\u00fcn \u00f6nce yeniden bir araya geldi\u011fi \u00f6\u011frenildi. M.Z.B., F.D.\u2019yi kendisini aldatmakla su\u00e7layarak tart\u0131\u015fma \u00e7\u0131kard\u0131.<\/p>\n<\/div>\n<h3>SABAH SAATLER\u0130NDE PUSU KURDU<\/h3>\n<p>Tart\u0131\u015fman\u0131n ard\u0131ndan sabaha kar\u015f\u0131 saat 06.00 s\u0131ralar\u0131nda evden ayr\u0131lan M.Z.B.\u2019yi konu\u015fmak i\u00e7in geri \u00e7a\u011f\u0131rmak isteyen F.D., apartman giri\u015finde sald\u0131r\u0131ya u\u011frad\u0131. Pusu kuran sald\u0131rgan, kad\u0131n\u0131 v\u00fccudunun 30 farkl\u0131 yerinden b\u0131\u00e7aklad\u0131.<\/p>\n<h3>YO\u011eUN BAKIMDA \u00dc\u00c7 G\u00dcN YA\u015eAM M\u00dcCADELES\u0130 VERD\u0130<\/h3>\n<p>A\u011f\u0131r yaralanan iki \u00e7ocuk annesi F.D., hastaneye kald\u0131r\u0131ld\u0131 ve \u00fc\u00e7 g\u00fcn yo\u011fun bak\u0131mda tedavi g\u00f6rd\u00fc. Doktorlar\u0131n m\u00fcdahalesiyle hayatta kalmay\u0131 ba\u015fard\u0131.<\/p>\n<\/div>\n<p><img decoding=\"async\" src=\"https:\/\/foto.sondakika.com\/haber\/2026\/04\/25\/dini-nikahli-esi-30-yerinden-b-19780777-7763_2_m.jpg\" alt=\"Dini nikahl\u0131 e\u015fi 30 yerinden b\u0131\u00e7aklad\u0131: Yar\u0131m kalan i\u015fini tamamlayacak\" \/><\/p>\n<h3>\u201c\u00c7IKINCA \u00d6LD\u00dcRECE\u011e\u0130M\u201d \u0130DD\u0130ASI<\/h3>\n<p>Olay sonras\u0131 tutuklanan M.Z.B.\u2019nin cezaevine g\u00f6nderildi\u011fi \u00f6\u011frenildi. Ancak sald\u0131rgan\u0131n cezaevinde kendisini ziyaret eden ki\u015filere \u201c\u00c7\u0131k\u0131nca o kad\u0131n\u0131 \u00f6ld\u00fcrece\u011fim\u201d dedi\u011fi iddia edildi. Bunun \u00fczerine F.D., yetkililerden can g\u00fcvenli\u011finin sa\u011flanmas\u0131n\u0131 ve sald\u0131rgan\u0131n serbest b\u0131rak\u0131lmamas\u0131n\u0131 talep etti.<\/p>\n<h3>&#8220;BEN\u0130 \u00c7\u0130RK\u0130N S\u00d6ZLERLE TEHD\u0130T ED\u0130YORDU&#8221;<\/h3>\n<p>F.D, 16 y\u0131ll\u0131k nikahl\u0131 e\u015fiyle son bir bu\u00e7uk y\u0131ld\u0131r sorunlar ya\u015fad\u0131klar\u0131n\u0131 belirterek \u015fu ifadeleri kulland\u0131: &#8220;S\u00fcrekli bo\u015fanmak istiyordu. Beni al\u0131p milletin \u00f6n\u00fcne g\u00f6t\u00fcr\u00fcp diyordu bo\u015fuyorum seni. Ben de \u00e7ocuklar\u0131m i\u00e7in sesimi etmedim ve beni \u00e7irkin s\u00f6zlerle tehdit ediyordu. &#8216;Sen beni aldat\u0131yorsun. Ben seni herkese rezil edece\u011fim&#8217; diyordu.<\/p>\n<p><img decoding=\"async\" src=\"https:\/\/foto.sondakika.com\/haber\/2026\/04\/25\/dini-nikahli-esi-30-yerinden-b-19780777-9268_3_m.jpg\" alt=\"Dini nikahl\u0131 e\u015fi 30 yerinden b\u0131\u00e7aklad\u0131: Yar\u0131m kalan i\u015fini tamamlayacak\" \/><\/p>\n<h3>&#8220;BEN\u0130 CAM\u0130YE G\u00d6T\u00dcR\u00dcP \u0130MAM E\u015eL\u0130\u011e\u0130NDE BO\u015eADI&#8221;<\/h3>\n<p>Son olayda beni al\u0131p camiye g\u00f6t\u00fcr\u00fcp imam e\u015fli\u011finde bo\u015fanmaya kalkt\u0131. \u015eahitler huzurunda. Bo\u015fand\u0131ktan 4 g\u00fcn sonra tekrar gelip eve yerle\u015fmeye \u00e7al\u0131\u015ft\u0131. Ben hi\u00e7 sesimi etmedim korkudan \u00e7\u00fcnk\u00fc \u00e7irkin laflar ediyordu. \u0130ki \u00e7ocu\u011fum i\u00e7in sesimi edemiyordum. Daha sonra bana &#8216;Sen beni aldat\u0131yorsun ba\u015fkas\u0131yla ondan bana ilgisizsin&#8217; deyip duruyordu. 3 g\u00fcn boyunca cebinde bir b\u0131\u00e7ak vard\u0131. Siyah sapl\u0131 bir b\u0131\u00e7ak vard\u0131. O b\u0131\u00e7a\u011f\u0131 g\u00f6rd\u00fcm, dedim belki arabas\u0131n\u0131 tamir ediyor. Ona laz\u0131m oluyor. \u00c7\u00fcnk\u00fc s\u00fcrekli arabas\u0131yla u\u011fra\u015f\u0131yordu. Daha sonra bo\u015fanmas\u0131ndan pi\u015fman olup beni su\u00e7luyordu. &#8216;Ben sinirliydim. Sen beni zorlad\u0131n, bo\u015fad\u0131m&#8217; diye konu\u015fuyordu. Bo\u015fand\u0131\u011f\u0131m\u0131z\u0131 dile getirdim. Kabullenemedi. &#8216;Yok. Ben bo\u015famam\u0131\u015f\u0131m seni&#8217; dedi. Halbuki \u015fahitler huzurunda bo\u015fad\u0131 beni. Beni tehdit etmeye ba\u015flad\u0131. Tabii ben ald\u0131r\u0131\u015f etmedim.<\/p>\n<\/div>\n<h3>&#8220;DI\u015e KAPIYI KAPATIP DEFALARCA SIRTIMDAN BI\u00c7AKLADI&#8221;<\/h3>\n<p>Gece 00.00&#8217;da uyuyor numaras\u0131 yap\u0131p, ben su i\u00e7ine giren telefonumu ald\u0131m, pirincin i\u00e7ine koyarken geldi, telefonu elimden ald\u0131 ve ekmek b\u0131\u00e7a\u011f\u0131n\u0131 ald\u0131, evi terk etti. Ben de kimseye zarar vermesin diye indim a\u015fa\u011f\u0131ya. K\u00fc\u00e7\u00fck k\u0131z\u0131mla birlikte s\u00fcrekli arac\u0131m\u0131z\u0131n kap\u0131s\u0131 bozuk gelmi\u015f midir? Sinirlidir, kimseye zarar vermesin diye ald\u0131m, gittim arabaya bakt\u0131m yok. Defalarca kez indim. Art\u0131k yoruldum, geldim eve. Uzanmaya \u00e7al\u0131\u015ft\u0131m. Uyudum. 06.10&#8217;da uyand\u0131m. Alarm saati vard\u0131 \u00e7ocu\u011fumun okul saati. Onu uyand\u0131rmadan \u00f6nce indim a\u015fa\u011f\u0131ya dedim. Belki \u00fc\u015f\u00fcr, g\u00fcnaht\u0131r. Ald\u0131m i\u00e7eri, dedim gideyim alay\u0131m i\u00e7eriye gelsin eve. Gittim, bakt\u0131m araban\u0131n kap\u0131s\u0131n\u0131 a\u00e7t\u0131m, bakt\u0131m yok. \u0130\u00e7eri girdim. \u0130\u00e7eri binan\u0131n kap\u0131s\u0131na girer girmez, arkadan bir bakt\u0131m o. D\u0131\u015f kap\u0131y\u0131 kapatt\u0131 ve defalarca kez s\u0131rt\u0131mdan b\u0131\u00e7aklad\u0131. Art\u0131k yere y\u0131\u011f\u0131ld\u0131m. Yere y\u0131\u011f\u0131ld\u0131ktan sonra ve hala durmad\u0131. Akci\u011ferime, kalbime, beynime milimler kala akci\u011ferim s\u00f6nd\u00fc. Tromboli ge\u00e7irdim sonunum yetersizli\u011finden.\u00a0\u00d6l\u00fcm tehlikesi atlatt\u0131m. 3 g\u00fcn boyunca hastanede tedavi alt\u0131na al\u0131nd\u0131m. Ondan sonra geldim. Gereken ilgili makamlara her yere ba\u015fvurdum.<\/p>\n<h3>&#8220;YARIM KALAN \u0130\u015e\u0130N\u0130 TAMAMLAYACA\u011eINDAN KORKUYORUM&#8221;<\/h3>\n<p>Devletime g\u00fcveniyorum. Gere\u011fini de yapaca\u011f\u0131na eminim. \u00c7ocuklar\u0131m onun yan\u0131na cezaevine gitmi\u015flerdi. \u00c7ocuklar\u0131ma demi\u015f &#8216;Ke\u015fke \u00f6ld\u00fcrseydim, sizin sesinizi duymasayd\u0131m \u00f6ld\u00fcrecektim&#8217; diye. \u00c7ocuklar\u0131m eve geldi. Anne, baba bunu diyor dedi. Yar\u0131m kalan i\u015fini de tamamlayaca\u011f\u0131ndan korkuyorum, a\u00e7\u0131k s\u00f6yleyeyim. \u00c7\u0131k\u0131p beni tekrar \u00f6ld\u00fcrecek. Buna da ben eminim. \u00c7\u0131kmamas\u0131 i\u00e7in devletime sonsuz g\u00fcvenim var&#8221;<\/p>\n","protected":false},"excerpt":{"rendered":"<p>Diyarbak\u0131r&#8217;da 58 ya\u015f\u0131ndaki bir \u015fah\u0131s, dini nikahl\u0131 e\u015fini apartman\u0131n giri\u015finde pusu kurarak 30 yerinden b\u0131\u00e7aklad\u0131. \u00d6l\u00fcmden d\u00f6nen kad\u0131n 3 g\u00fcn yo\u011fun bak\u0131mda tedavi g\u00f6rd\u00fc. Sald\u0131rgan adam tutuklan\u0131rken kad\u0131n, &#8220;Yar\u0131m kalan i\u015fini de tamamlayaca\u011f\u0131ndan korkuyorum, a\u00e7\u0131k s\u00f6yleyeyim. \u00c7\u0131k\u0131p beni tekrar \u00f6ld\u00fcrecek. Buna da ben eminim. \u00c7\u0131kmamas\u0131 i\u00e7in devletime sonsuz g\u00fcvenim var&#8221; dedi. Diyarbak\u0131r\u2019da dini nikahl\u0131 e\u015fine [&hellip;]<\/p>\n","protected":false},"author":1,"featured_media":3309,"comment_status":"closed","ping_status":"closed","sticky":false,"template":"","format":"standard","meta":{"footnotes":""},"categories":[7,39],"tags":[],"class_list":["post-3308","post","type-post","status-publish","format-standard","has-post-thumbnail","hentry","category-gundem","category-haber"],"_links":{"self":[{"href":"https:\/\/avukatimtv.com\/index.php\/wp-json\/wp\/v2\/posts\/3308","targetHints":{"allow":["GET"]}}],"collection":[{"href":"https:\/\/avukatimtv.com\/index.php\/wp-json\/wp\/v2\/posts"}],"about":[{"href":"https:\/\/avukatimtv.com\/index.php\/wp-json\/wp\/v2\/types\/post"}],"author":[{"embeddable":true,"href":"https:\/\/avukatimtv.com\/index.php\/wp-json\/wp\/v2\/users\/1"}],"replies":[{"embeddable":true,"href":"https:\/\/avukatimtv.com\/index.php\/wp-json\/wp\/v2\/comments?post=3308"}],"version-history":[{"count":1,"href":"https:\/\/avukatimtv.com\/index.php\/wp-json\/wp\/v2\/posts\/3308\/revisions"}],"predecessor-version":[{"id":3310,"href":"https:\/\/avukatimtv.com\/index.php\/wp-json\/wp\/v2\/posts\/3308\/revisions\/3310"}],"wp:featuredmedia":[{"embeddable":true,"href":"https:\/\/avukatimtv.com\/index.php\/wp-json\/wp\/v2\/media\/3309"}],"wp:attachment":[{"href":"https:\/\/avukatimtv.com\/index.php\/wp-json\/wp\/v2\/media?parent=3308"}],"wp:term":[{"taxonomy":"category","embeddable":true,"href":"https:\/\/avukatimtv.com\/index.php\/wp-json\/wp\/v2\/categories?post=3308"},{"taxonomy":"post_tag","embeddable":true,"href":"https:\/\/avukatimtv.com\/index.php\/wp-json\/wp\/v2\/tags?post=3308"}],"curies":[{"name":"wp","href":"https:\/\/api.w.org\/{rel}","templated":true}]}}