{"id":3311,"date":"2026-04-28T18:19:45","date_gmt":"2026-04-28T15:19:45","guid":{"rendered":"https:\/\/avukatimtv.com\/?p=3311"},"modified":"2026-04-28T18:19:45","modified_gmt":"2026-04-28T15:19:45","slug":"d-650yi-kilitleyen-kaza-iki-tir-carpisti-uzun-arac-kuyruklari-olustu","status":"publish","type":"post","link":"https:\/\/avukatimtv.com\/index.php\/2026\/04\/28\/d-650yi-kilitleyen-kaza-iki-tir-carpisti-uzun-arac-kuyruklari-olustu\/","title":{"rendered":"D-650\u2019yi kilitleyen kaza: \u0130ki t\u0131r \u00e7arp\u0131\u015ft\u0131, uzun ara\u00e7 kuyruklar\u0131 olu\u015ftu"},"content":{"rendered":"<p>Sakarya\u2019n\u0131n Geyve il\u00e7esi D-650 kara yolunda iki \u00e7ekicinin kar\u0131\u015ft\u0131\u011f\u0131 trafik kazas\u0131 meydana geldi. Kaza nedeniyle Bilecik-Sakarya istikametinde uzun ara\u00e7 kuyruklar\u0131 olu\u015furken trafik tek \u015feritten kontroll\u00fc \u015fekilde sa\u011fland\u0131. Olu\u015fan trafik yo\u011funlu\u011fu havadan g\u00f6r\u00fcnt\u00fclendi.<\/p>\n<p>&nbsp;<\/p>\n<p>Kaza, D-650 kara yolu Geyve il\u00e7esi Nuruosmaniye Mahallesi ge\u00e7i\u015finde meydana geldi. Edinilen bilgilere g\u00f6re, ayn\u0131 istikamette seyir halinde olan iki \u00e7ekici \u00e7arp\u0131\u015ft\u0131. Kazada \u015fans eseri yaralanan olmazken, her iki ara\u00e7ta da maddi hasar olu\u015ftu. Kaza ihbar\u0131n\u0131n ard\u0131ndan b\u00f6lgeye jandarma ve b\u00f6lge trafik polis ekipleri sevk edildi. Kaza nedeniyle Bilecik-Sakarya istikametinde uzun ara\u00e7 kuyruklar\u0131 olu\u015ftu. Bir Jandarma Asayi\u015f Timi ve bir B\u00f6lge Trafik Polis ekibi taraf\u0131ndan y\u00fcr\u00fct\u00fclen \u00e7al\u0131\u015fmalarla trafik tek \u015feritten d\u00fczenli olarak sa\u011flan\u0131rken hasarl\u0131 ara\u00e7lar\u0131n yoldan \u00e7ekici ve vin\u00e7 yard\u0131m\u0131yla kald\u0131r\u0131lmas\u0131n\u0131n ard\u0131ndan trafik normal seyrine d\u00f6nd\u00fc.<\/p>\n<p>&nbsp;<\/p>\n<p>Kazaya ili\u015fkin inceleme ba\u015flat\u0131l\u0131rken, b\u00f6lgede olu\u015fan trafik yo\u011funlu\u011fu havadan g\u00f6r\u00fcnt\u00fclendi.<\/p>\n<p>&nbsp;<\/p>\n<p><img decoding=\"async\" src=\"https:\/\/cdn.iha.com.tr\/Contents\/images\/2026\/04\/28\/20260428aw693383-7.jpg\" alt=\"D-650\u2019yi kilitleyen kaza: \u0130ki t\u0131r \u00e7arp\u0131\u015ft\u0131, uzun ara\u00e7 kuyruklar\u0131 olu\u015ftu\n\" \/><\/p>\n<p>&nbsp;<\/p>\n<p>&nbsp;<\/p>\n","protected":false},"excerpt":{"rendered":"<p>Sakarya\u2019n\u0131n Geyve il\u00e7esi D-650 kara yolunda iki \u00e7ekicinin kar\u0131\u015ft\u0131\u011f\u0131 trafik kazas\u0131 meydana geldi. Kaza nedeniyle Bilecik-Sakarya istikametinde uzun ara\u00e7 kuyruklar\u0131 olu\u015furken trafik tek \u015feritten kontroll\u00fc \u015fekilde sa\u011fland\u0131. Olu\u015fan trafik yo\u011funlu\u011fu havadan g\u00f6r\u00fcnt\u00fclendi. &nbsp; Kaza, D-650 kara yolu Geyve il\u00e7esi Nuruosmaniye Mahallesi ge\u00e7i\u015finde meydana geldi. Edinilen bilgilere g\u00f6re, ayn\u0131 istikamette seyir halinde olan iki \u00e7ekici \u00e7arp\u0131\u015ft\u0131. [&hellip;]<\/p>\n","protected":false},"author":1,"featured_media":3312,"comment_status":"closed","ping_status":"closed","sticky":false,"template":"","format":"standard","meta":{"footnotes":""},"categories":[7,39],"tags":[],"class_list":["post-3311","post","type-post","status-publish","format-standard","has-post-thumbnail","hentry","category-gundem","category-haber"],"_links":{"self":[{"href":"https:\/\/avukatimtv.com\/index.php\/wp-json\/wp\/v2\/posts\/3311","targetHints":{"allow":["GET"]}}],"collection":[{"href":"https:\/\/avukatimtv.com\/index.php\/wp-json\/wp\/v2\/posts"}],"about":[{"href":"https:\/\/avukatimtv.com\/index.php\/wp-json\/wp\/v2\/types\/post"}],"author":[{"embeddable":true,"href":"https:\/\/avukatimtv.com\/index.php\/wp-json\/wp\/v2\/users\/1"}],"replies":[{"embeddable":true,"href":"https:\/\/avukatimtv.com\/index.php\/wp-json\/wp\/v2\/comments?post=3311"}],"version-history":[{"count":1,"href":"https:\/\/avukatimtv.com\/index.php\/wp-json\/wp\/v2\/posts\/3311\/revisions"}],"predecessor-version":[{"id":3313,"href":"https:\/\/avukatimtv.com\/index.php\/wp-json\/wp\/v2\/posts\/3311\/revisions\/3313"}],"wp:featuredmedia":[{"embeddable":true,"href":"https:\/\/avukatimtv.com\/index.php\/wp-json\/wp\/v2\/media\/3312"}],"wp:attachment":[{"href":"https:\/\/avukatimtv.com\/index.php\/wp-json\/wp\/v2\/media?parent=3311"}],"wp:term":[{"taxonomy":"category","embeddable":true,"href":"https:\/\/avukatimtv.com\/index.php\/wp-json\/wp\/v2\/categories?post=3311"},{"taxonomy":"post_tag","embeddable":true,"href":"https:\/\/avukatimtv.com\/index.php\/wp-json\/wp\/v2\/tags?post=3311"}],"curies":[{"name":"wp","href":"https:\/\/api.w.org\/{rel}","templated":true}]}}