{"id":3316,"date":"2026-04-30T17:03:18","date_gmt":"2026-04-30T14:03:18","guid":{"rendered":"https:\/\/avukatimtv.com\/?p=3316"},"modified":"2026-04-30T17:03:18","modified_gmt":"2026-04-30T14:03:18","slug":"bursada-avukat-cinayeti-7-supheli-gozaltinda","status":"publish","type":"post","link":"https:\/\/avukatimtv.com\/index.php\/2026\/04\/30\/bursada-avukat-cinayeti-7-supheli-gozaltinda\/","title":{"rendered":"Bursa\u2019da avukat cinayeti: 7 \u015f\u00fcpheli g\u00f6zalt\u0131nda"},"content":{"rendered":"<h2 id=\"content\" class=\"content font-normal text-gray-700 text-xl lg:text-2xl leading-6 mb-8 mt-8 block \">Bursa\u2019n\u0131n G\u00fcrsu il\u00e7esinde Avukat Hatice Kocaefe\u2019nin \u00f6ld\u00fcr\u00fclmesi olay\u0131 ile ilgili 7 ki\u015fi g\u00f6zalt\u0131na al\u0131nd\u0131.<\/h2>\n<div id=\"content\" class=\"content news-detail__content font-normal text-gray-45 text-base font-setting\">\n<p>Bursa Cumhuriyet Ba\u015fsavc\u0131l\u0131\u011f\u0131 talimatlar\u0131 do\u011frultusunda Bursa Emniyet M\u00fcd\u00fcrl\u00fc\u011f\u00fc taraf\u0131ndan y\u00fcr\u00fct\u00fclen soru\u015fturma kapsam\u0131nda olay\u0131n asli faili ile birlikte toplam 7 \u015f\u00fcphelinin g\u00f6zalt\u0131na al\u0131nd\u0131\u011f\u0131, \u015f\u00fcpheliler hakk\u0131nda soru\u015fturma i\u015flemleri s\u00fcrerken, dosya hakk\u0131nda gizlilik karar\u0131 al\u0131nd\u0131\u011f\u0131 bildirildi.<\/p>\n<\/div>\n<p><img decoding=\"async\" src=\"https:\/\/cdn.iha.com.tr\/Contents\/26-04\/30\/aw694737_01.jpg\" alt=\"Bursa\u2019da avukat cinayeti: 7 \u015f\u00fcpheli g\u00f6zalt\u0131nda\" \/><\/p>\n<p>&nbsp;<\/p>\n<p>Avukat Hatice Kocaefe, ge\u00e7ti\u011fimiz g\u00fcn Bursa\u2019da u\u011frad\u0131\u011f\u0131 sald\u0131r\u0131 sonucu ya\u015fam\u0131n\u0131 yitirmi\u015fti. Cinayet, hukuk camias\u0131nda ve toplumda derin \u00fcz\u00fcnt\u00fcye sebep olurken barolar, meslekta\u015flar\u0131 ve sivil toplum kurulu\u015flar\u0131 sald\u0131r\u0131y\u0131 k\u0131nad\u0131. Bursa Cumhuriyet Ba\u015fsavc\u0131l\u0131\u011f\u0131 taraf\u0131ndan yap\u0131lan bilgilendirmede soru\u015fturman\u0131n her y\u00f6n\u00fcyle titizlikle y\u00fcr\u00fct\u00fcld\u00fc\u011f\u00fc, kamuoyunun geli\u015fmeleri resmi a\u00e7\u0131klamalar \u00fczerinden takip etmesi gerekti\u011fi belirtildi.<\/p>\n<p><img decoding=\"async\" src=\"https:\/\/cdn.iha.com.tr\/Contents\/26-04\/30\/aw694737_02-1777546943.jpg\" alt=\"Bursa\u2019da avukat cinayeti: 7 \u015f\u00fcpheli g\u00f6zalt\u0131nda\" \/><\/p>\n","protected":false},"excerpt":{"rendered":"<p>Bursa\u2019n\u0131n G\u00fcrsu il\u00e7esinde Avukat Hatice Kocaefe\u2019nin \u00f6ld\u00fcr\u00fclmesi olay\u0131 ile ilgili 7 ki\u015fi g\u00f6zalt\u0131na al\u0131nd\u0131. Bursa Cumhuriyet Ba\u015fsavc\u0131l\u0131\u011f\u0131 talimatlar\u0131 do\u011frultusunda Bursa Emniyet M\u00fcd\u00fcrl\u00fc\u011f\u00fc taraf\u0131ndan y\u00fcr\u00fct\u00fclen soru\u015fturma kapsam\u0131nda olay\u0131n asli faili ile birlikte toplam 7 \u015f\u00fcphelinin g\u00f6zalt\u0131na al\u0131nd\u0131\u011f\u0131, \u015f\u00fcpheliler hakk\u0131nda soru\u015fturma i\u015flemleri s\u00fcrerken, dosya hakk\u0131nda gizlilik karar\u0131 al\u0131nd\u0131\u011f\u0131 bildirildi. &nbsp; Avukat Hatice Kocaefe, ge\u00e7ti\u011fimiz g\u00fcn Bursa\u2019da u\u011frad\u0131\u011f\u0131 [&hellip;]<\/p>\n","protected":false},"author":1,"featured_media":3317,"comment_status":"closed","ping_status":"closed","sticky":false,"template":"","format":"standard","meta":{"footnotes":""},"categories":[7,39],"tags":[],"class_list":["post-3316","post","type-post","status-publish","format-standard","has-post-thumbnail","hentry","category-gundem","category-haber"],"_links":{"self":[{"href":"https:\/\/avukatimtv.com\/index.php\/wp-json\/wp\/v2\/posts\/3316","targetHints":{"allow":["GET"]}}],"collection":[{"href":"https:\/\/avukatimtv.com\/index.php\/wp-json\/wp\/v2\/posts"}],"about":[{"href":"https:\/\/avukatimtv.com\/index.php\/wp-json\/wp\/v2\/types\/post"}],"author":[{"embeddable":true,"href":"https:\/\/avukatimtv.com\/index.php\/wp-json\/wp\/v2\/users\/1"}],"replies":[{"embeddable":true,"href":"https:\/\/avukatimtv.com\/index.php\/wp-json\/wp\/v2\/comments?post=3316"}],"version-history":[{"count":1,"href":"https:\/\/avukatimtv.com\/index.php\/wp-json\/wp\/v2\/posts\/3316\/revisions"}],"predecessor-version":[{"id":3318,"href":"https:\/\/avukatimtv.com\/index.php\/wp-json\/wp\/v2\/posts\/3316\/revisions\/3318"}],"wp:featuredmedia":[{"embeddable":true,"href":"https:\/\/avukatimtv.com\/index.php\/wp-json\/wp\/v2\/media\/3317"}],"wp:attachment":[{"href":"https:\/\/avukatimtv.com\/index.php\/wp-json\/wp\/v2\/media?parent=3316"}],"wp:term":[{"taxonomy":"category","embeddable":true,"href":"https:\/\/avukatimtv.com\/index.php\/wp-json\/wp\/v2\/categories?post=3316"},{"taxonomy":"post_tag","embeddable":true,"href":"https:\/\/avukatimtv.com\/index.php\/wp-json\/wp\/v2\/tags?post=3316"}],"curies":[{"name":"wp","href":"https:\/\/api.w.org\/{rel}","templated":true}]}}