{"id":3319,"date":"2026-04-30T17:10:47","date_gmt":"2026-04-30T14:10:47","guid":{"rendered":"https:\/\/avukatimtv.com\/?p=3319"},"modified":"2026-04-30T17:10:47","modified_gmt":"2026-04-30T14:10:47","slug":"19-yillik-cinayet-iste-boyle-cozuldu","status":"publish","type":"post","link":"https:\/\/avukatimtv.com\/index.php\/2026\/04\/30\/19-yillik-cinayet-iste-boyle-cozuldu\/","title":{"rendered":"19 y\u0131ll\u0131k cinayet i\u015fte b\u00f6yle \u00e7\u00f6z\u00fcld\u00fc!"},"content":{"rendered":"<h2 class=\"spot\">\u0130stanbul\u2019un \u015ei\u015fli il\u00e7esinde 2006 y\u0131l\u0131nda meydana gelen cinayet o detay sayesinde \u00e7\u00f6z\u00fcld\u00fc. Patron Yunis Do\u011fan&#8217;\u0131n domuz ba\u011f\u0131yla ba\u011flan\u0131p yak\u0131ld\u0131\u011f\u0131, sekreter Hacer Eginay&#8217;\u0131n ise 57 yerinden b\u0131\u00e7akland\u0131\u011f\u0131 faili me\u00e7hul davada sona var\u0131ld\u0131. Parmak izinin tespitiyle birlikte gelen itirafla d\u00fc\u011f\u00fcmlerin tek tek \u00e7\u00f6z\u00fcld\u00fc\u011f\u00fc cinayetin 3 \u015f\u00fcphelisi hakk\u0131nda iddianame haz\u0131rland\u0131. \u0130\u015fte 19 y\u0131ll\u0131k s\u0131r perdesini aralayan o detaylar\u2026<\/h2>\n<div class=\"news-detail-info\">\n<div class=\"authorDetail\">\n<p>\u015ei\u015fli\u00a0Maslak Oto Sanayi&#8217;de 17 Aral\u0131k 2006&#8217;da tan\u0131t\u0131m tabelalar\u0131 yapan bir i\u015f yerinde yang\u0131n \u00e7\u0131kt\u0131. \u00c7\u0131kan yang\u0131n\u0131n s\u00f6nd\u00fcr\u00fclmesinin ard\u0131ndan i\u015f yerinin ofis kat\u0131nda patron\u00a0Yunis Do\u011fan&#8217;\u0131n cesedi domuz ba\u011f\u0131 ile ba\u011flanm\u0131\u015f ve yar\u0131s\u0131 yanm\u0131\u015f \u015fekilde bulundu. Ofisin alt kat\u0131ndaki alanda ise 23 ya\u015f\u0131ndaki Sekreter Hacer Eginay&#8217;\u0131n 57 yerinden b\u0131\u00e7aklanarak \u00f6ld\u00fcr\u00fcld\u00fc\u011f\u00fc ve tiner d\u00f6k\u00fclerek ate\u015fe verildi\u011fi belirlendi.<\/p>\n<\/div>\n<p><strong>DOSYA 19 YIL SONRA RAFTAN \u0130ND\u0130<\/strong><\/p>\n<p>Dosya 19. y\u0131l\u0131nda Gayrettepe Cinayet B\u00fcro Dedektifleri taraf\u0131ndan raftan indirdi. Olay yerinde elde edilen bulgular\u0131n geli\u015fen teknoloji ile yeniden incelendi. \u0130ncelemelerde \u00f6len patron Yunis Do\u011fan&#8217;\u0131n aya\u011f\u0131nda bulunan bantta bir parmak izi \u00e7\u0131kt\u0131. Yine \u015fahs\u0131n a\u011fz\u0131nda bulunan bezde alt katta \u00f6ld\u00fcr\u00fclen sekreteri Hacer Eginay&#8217;\u0131n kan\u0131 bulundu.<\/p>\n<p><strong>\u00c7\u0130PL\u0130 K\u0130ML\u0130K SAYES\u0130NDE AYDINLANAN C\u0130NAYET<\/strong><\/p>\n<p>\u00c7ipli kimlik sistemine ge\u00e7ilmesiyle birlikte R\u00fcstem \u015eahinduran&#8217;\u0131n 2024 parmak izi verdi\u011fi ve bu sayede olay zaman\u0131 bulunamayan parmak izinin sahibinin bulunmas\u0131 dikkat \u00e7ekti. \u015eahinduran&#8217;\u0131n o d\u00f6nem bak\u0131lan HTS kay\u0131tlar\u0131nda olay yerinde oldu\u011fu belirlenince onunla birlikte 2 \u015f\u00fcpheli daha tespit edildi. R\u00fcstem&#8217;in s\u0131k konu\u015ftu\u011fu iki kayda bak\u0131l\u0131nca \u015f\u00fcphelilerden birinin R\u00fcstem \u015eahinduran&#8217;\u0131n \u00e7ocukluk arkada\u015f\u0131 Cavit Garip di\u011ferinin de Garip&#8217;in arkada\u015f\u0131 Mohsen F\u0131yoj oldu\u011fu tespit edildi.<\/p>\n<\/div>\n<p><img decoding=\"async\" src=\"https:\/\/iasbh.tmgrup.com.tr\/1b78f6\/0\/0\/0\/0\/0\/0?u=https:\/\/isbh.tmgrup.com.tr\/sbh\/2026\/04\/28\/19-yillik-cinayet-iste-boyle-cozuldu-o-detaylar-itiraflari-pes-pese-getirdi-kimseye-deme-dersen-olursun-demisl-1777383122112.jpeg&amp;mw=600\" \/><\/p>\n<p><strong>C\u0130NAYET\u0130 \u0130T\u0130RAF ETT\u0130<\/strong><\/p>\n<p>G\u00f6zalt\u0131na al\u0131nan R\u00fc\u015ftem \u015eahinduran 19 y\u0131l sonra korkun\u00e7 cinayeti itiraf etti. \u015e\u00fcpheli Mohsen F\u0131yoj&#8217;un tavsiyesi \u00fczerine i\u015f i\u00e7in Yunis Do\u011fan&#8217;\u0131n ofisine gitti\u011fini anlatan \u015eahinduran, &#8220;Beni Mohsen g\u00f6nderdi deyince tepki g\u00f6sterdi. Akl\u0131ma geldi\u011fi kadar\u0131yla birlikte \u00e7al\u0131\u015fm\u0131\u015flar ve alacak verecek meseleleri olmu\u015f. Bir s\u00fcre sonra i\u015fyerine Mohsen ve arkada\u015f\u0131m Cavit&#8217;te geldi. Alt kattan gelen kad\u0131n Mohsen&#8217;i tan\u0131yordu ne i\u015fin var gibi s\u00f6ylemde bulundu. Mohsen ile kad\u0131n tart\u0131\u015fmaya ba\u015flad\u0131lar. Cavit kad\u0131na do\u011fru silah\u0131n\u0131 \u00e7\u0131kard\u0131. Mohsen kad\u0131n\u0131 alt kata g\u00f6t\u00fcrd\u00fc. Ofis k\u0131sm\u0131nda ben Cavit ve Yunis kald\u0131k. &#8216;Ne oluyor ne yap\u0131yorsun?&#8217; deyip \u015fok oldum. Ba\u011f\u0131rmaya ba\u015flad\u0131\u011f\u0131mda &#8216;sessiz ol&#8217; dedi. Sonra alt kata indim, Mohsen kad\u0131n\u0131 b\u0131\u00e7aklam\u0131\u015ft\u0131. Kad\u0131na &#8216;Bunlar daha iyi g\u00fcnlerin&#8217; dedi. Ka\u00e7maya \u00e7al\u0131\u015ft\u0131m &#8216;Mahalleye git internet kafede bekle kaybolma&#8217; dedi. Gidip beklemeye ba\u015flad\u0131m, 2.5 saat sonra geldiler. Haberleri g\u00f6rd\u00fc\u011f\u00fcm kadar\u0131yla i\u015fyeri bizim gitti\u011fimiz yerdi. Bu olayla ilgili bir \u015fey g\u00f6rd\u00fc\u011f\u00fcmde &#8216;kimseye deme, dersen \u00f6l\u00fcrs\u00fcn&#8217; dediler korktum. &#8220;dedi.<\/p>\n<p><strong>YILLAR SONRA GELEN TUTUKLAMA<\/strong><\/p>\n<p>Yunis Do\u011fan&#8217;\u0131 ba\u011flanm\u0131\u015f oldu\u011fu banttaki parmak izi sorulan \u015eahinduran, &#8220;Yunis&#8217;i bantlamaya tehditle yard\u0131m etmi\u015f olabilirim. Mohsin bana kad\u0131n ile ge\u00e7mi\u015fte g\u00f6n\u00fcl ili\u015fkisi ya\u015fad\u0131klar\u0131n\u0131 sonra ise kad\u0131n\u0131n i\u015f yeri sahibiyle ili\u015fki ya\u015fad\u0131\u011f\u0131n\u0131 s\u00f6yledi.&#8221; \u015eeklinde konu\u015farak susmas\u0131 i\u00e7in tehdit edildi\u011fini iddia etti. Di\u011fer \u015f\u00fcpheliler Garip ve F\u0131yoj ise su\u00e7lamalar\u0131 reddederek \u015eahinduran&#8217;\u0131n kendilerine iftira att\u0131\u011f\u0131n\u0131 savundular. 3 \u015f\u00fcpheli 29 Kas\u0131m 2025&#8217;te tutuklanarak cezaevine g\u00f6nderildi.<\/p>\n<p><img decoding=\"async\" src=\"https:\/\/iasbh.tmgrup.com.tr\/4c430b\/0\/0\/0\/0\/0\/0?u=https:\/\/isbh.tmgrup.com.tr\/sbh\/2026\/04\/28\/19-yillik-cinayet-iste-boyle-cozuldu-o-detaylar-itiraflari-pes-pese-getirdi-kimseye-deme-dersen-olursun-demisl-1777383126044.jpeg&amp;mw=600\" \/><\/p>\n<p><strong>\u0130DD\u0130ANAME TAMAMLANDI<\/strong><\/p>\n<p>\u0130stanbul Cumhuriyet Ba\u015fsavc\u0131l\u0131\u011f\u0131 taraf\u0131ndan y\u00fcr\u00fct\u00fclen soru\u015fturma tamamland\u0131. Ayd\u0131nlat\u0131lan cinayetlere bir yeni eklendi. \u0130ddianamede, \u015f\u00fcpheliler Cavit Garip, Mohsen F\u0131yoj ve R\u00fc\u015ftem \u015eahinduran aras\u0131nda olay g\u00fcn\u00fcnden bir g\u00fcn \u00f6nce ve olay g\u00fcn\u00fc yo\u011fun ileti\u015fim trafi\u011fi ger\u00e7ekle\u015fti\u011fi tespit edildi. \u0130ddianamede, \u015f\u00fcpheli R\u00fcstem \u015eahinduran&#8217;\u0131n olay yerindeki parmak iziyle e\u015fle\u015fti\u011fi, her ne kadar \u00f6l\u00fcm olay\u0131ndan \u00f6nce olay yerini terk etti\u011fini iddia etse de parmak izinin bulundu\u011fu yerin mant\u0131kl\u0131 bir ac\u0131kmas\u0131n\u0131n yap\u0131lmad\u0131\u011f\u0131 vurguland\u0131.<\/p>\n<p><strong>SU\u00c7TAN KURTULMAYA Y\u00d6NEL\u0130K SAVUNMALAR<\/strong><\/p>\n<p>R\u00fcstem \u015eahinduran&#8217;\u0131n Cavit Garip ile uzun s\u00fcredir arkada\u015f olduklar\u0131 ve Cavit ile Mohsen F\u0131yoj&#8217;un \u015f\u00fcpheli \u015eahinduran&#8217;\u0131n bilgisi d\u0131\u015f\u0131nda i\u015f \u00e7evirmelerinin ba\u011fda\u015fmayaca\u011f\u0131 belirtilen iddianamede, savunmalar\u0131n su\u00e7tan kurtulmaya y\u00f6nelik oldu\u011fu kaydedildi.<\/p>\n<p>&nbsp;<\/p>\n<p><img decoding=\"async\" src=\"https:\/\/iasbh.tmgrup.com.tr\/d428b7\/0\/0\/0\/0\/0\/0?u=https:\/\/isbh.tmgrup.com.tr\/sbh\/2026\/04\/28\/19-yillik-cinayet-iste-boyle-cozuldu-o-detaylar-itiraflari-pes-pese-getirdi-kimseye-deme-dersen-olursun-demisl-1777383143979.jpg&amp;mw=600\" \/><\/p>\n<p>&nbsp;<\/p>\n<p><strong>\u0130FT\u0130RA ATMA SEBEB\u0130 YOK<\/strong><\/p>\n<p>\u015e\u00fcpheli Mohsen F\u0131yoj&#8217;un savunmas\u0131nda, 2003 y\u0131l\u0131nda bel f\u0131t\u0131\u011f\u0131 ameliyat\u0131 oldu\u011fu, baston kulland\u0131\u011f\u0131 gerek\u00e7esiyle su\u00e7u i\u015fleyemeyece\u011fini s\u00f6ylemi\u015f olsa da yap\u0131lan ara\u015ft\u0131rmalarda su\u00e7 tarihinde baston kulland\u0131\u011f\u0131na dair bir ibareye rastlanmad\u0131\u011f\u0131 anlat\u0131ld\u0131. \u0130ddianamede, R\u00fcstem \u015eahinduran&#8217;\u0131n di\u011fer \u015f\u00fcphelilere iftira atmas\u0131n\u0131 gerektiren bir sebep olmad\u0131\u011f\u0131 belirtildi.<\/p>\n<p><strong>A\u011eIRLA\u015eTIRILMI\u015e M\u00dcEBBET HAP\u0130SLER\u0130 \u0130STEND\u0130<\/strong><\/p>\n<p>57 b\u0131\u00e7ak darbesi sonras\u0131 yak\u0131larak \u00f6ld\u00fcr\u00fclen Hacer Eginay&#8217;\u0131n cesedinin b\u00fcy\u00fck bir k\u0131sm\u0131n\u0131n yanm\u0131\u015f olmas\u0131 nedeniyle tecav\u00fcze maruz kal\u0131p kalmad\u0131\u011f\u0131 tespit edilemezken \u015f\u00fcphelileri su\u00e7u ne ama\u00e7la i\u015flendikleri anla\u015f\u0131lmad\u0131. Birlikte hareket eden \u015f\u00fcphelilerin Hacer Eginay&#8217;\u0131 &#8220;Canavarca hisle \u00f6ld\u00fcrme&#8221; su\u00e7undan a\u011f\u0131rla\u015ft\u0131r\u0131lm\u0131\u015f m\u00fcebbet, Yunis Do\u011fan&#8217;\u0131 ise &#8220;Kasten \u00f6ld\u00fcrme&#8221; su\u00e7lar\u0131ndan ise m\u00fcebbet hapis cezas\u0131yla cezaland\u0131r\u0131lmalar\u0131 talep edildi. \u0130ddianame \u0130stanbul A\u011f\u0131r Ceza Mahkemesi&#8217;ne g\u00f6nderildi.<\/p>\n<p>&nbsp;<\/p>\n","protected":false},"excerpt":{"rendered":"<p>\u0130stanbul\u2019un \u015ei\u015fli il\u00e7esinde 2006 y\u0131l\u0131nda meydana gelen cinayet o detay sayesinde \u00e7\u00f6z\u00fcld\u00fc. Patron Yunis Do\u011fan&#8217;\u0131n domuz ba\u011f\u0131yla ba\u011flan\u0131p yak\u0131ld\u0131\u011f\u0131, sekreter Hacer Eginay&#8217;\u0131n ise 57 yerinden b\u0131\u00e7akland\u0131\u011f\u0131 faili me\u00e7hul davada sona var\u0131ld\u0131. Parmak izinin tespitiyle birlikte gelen itirafla d\u00fc\u011f\u00fcmlerin tek tek \u00e7\u00f6z\u00fcld\u00fc\u011f\u00fc cinayetin 3 \u015f\u00fcphelisi hakk\u0131nda iddianame haz\u0131rland\u0131. \u0130\u015fte 19 y\u0131ll\u0131k s\u0131r perdesini aralayan o detaylar\u2026 [&hellip;]<\/p>\n","protected":false},"author":1,"featured_media":3320,"comment_status":"closed","ping_status":"closed","sticky":false,"template":"","format":"standard","meta":{"footnotes":""},"categories":[7,39],"tags":[],"class_list":["post-3319","post","type-post","status-publish","format-standard","has-post-thumbnail","hentry","category-gundem","category-haber"],"_links":{"self":[{"href":"https:\/\/avukatimtv.com\/index.php\/wp-json\/wp\/v2\/posts\/3319","targetHints":{"allow":["GET"]}}],"collection":[{"href":"https:\/\/avukatimtv.com\/index.php\/wp-json\/wp\/v2\/posts"}],"about":[{"href":"https:\/\/avukatimtv.com\/index.php\/wp-json\/wp\/v2\/types\/post"}],"author":[{"embeddable":true,"href":"https:\/\/avukatimtv.com\/index.php\/wp-json\/wp\/v2\/users\/1"}],"replies":[{"embeddable":true,"href":"https:\/\/avukatimtv.com\/index.php\/wp-json\/wp\/v2\/comments?post=3319"}],"version-history":[{"count":1,"href":"https:\/\/avukatimtv.com\/index.php\/wp-json\/wp\/v2\/posts\/3319\/revisions"}],"predecessor-version":[{"id":3321,"href":"https:\/\/avukatimtv.com\/index.php\/wp-json\/wp\/v2\/posts\/3319\/revisions\/3321"}],"wp:featuredmedia":[{"embeddable":true,"href":"https:\/\/avukatimtv.com\/index.php\/wp-json\/wp\/v2\/media\/3320"}],"wp:attachment":[{"href":"https:\/\/avukatimtv.com\/index.php\/wp-json\/wp\/v2\/media?parent=3319"}],"wp:term":[{"taxonomy":"category","embeddable":true,"href":"https:\/\/avukatimtv.com\/index.php\/wp-json\/wp\/v2\/categories?post=3319"},{"taxonomy":"post_tag","embeddable":true,"href":"https:\/\/avukatimtv.com\/index.php\/wp-json\/wp\/v2\/tags?post=3319"}],"curies":[{"name":"wp","href":"https:\/\/api.w.org\/{rel}","templated":true}]}}