{"id":3324,"date":"2026-04-30T17:21:19","date_gmt":"2026-04-30T14:21:19","guid":{"rendered":"https:\/\/avukatimtv.com\/?p=3324"},"modified":"2026-04-30T17:21:19","modified_gmt":"2026-04-30T14:21:19","slug":"cinayet-500-saatlik-kamera-incelemesiyle-cozuldu","status":"publish","type":"post","link":"https:\/\/avukatimtv.com\/index.php\/2026\/04\/30\/cinayet-500-saatlik-kamera-incelemesiyle-cozuldu\/","title":{"rendered":"Cinayet 500 saatlik kamera incelemesiyle \u00e7\u00f6z\u00fcld\u00fc"},"content":{"rendered":"<div class=\"w-full flex flex-wrap gap-3\">\n<div class=\"w-full mt-1\">\n<div class=\"info-text-card w-full text-primary mb-4\">\n<h2 class=\"text-size-18 md:text-size-22 text-black font-semibold leading-normal\">Adana&#8217;da cep telefonu bayisinde ba\u015f\u0131ndan vurularak \u00f6ld\u00fcr\u00fclen Emrah Salt\u0131kalp cinayetinde 500 saatlik kamera kayd\u0131 incelenerek 5 \u015f\u00fcpheli yakaland\u0131.<\/h2>\n<\/div>\n<\/div>\n<\/div>\n<div class=\"w-full flex flex-col my-2.5\">\n<div class=\"text-size-18 text-black ck ck-content break-words leading-normal\">\n<p>Adana&#8217;da cep telefonu bayisindeki\u00a0cinayet\u00a0500 saatlik kamera kayd\u0131n\u0131n izlenmesiyle g\u00fcn y\u00fcz\u00fcne \u00e7\u0131kt\u0131.<\/p>\n<p>&nbsp;<\/p>\n<p>Seyhan il\u00e7esine ba\u011fl\u0131 G\u00fclbah\u00e7esi Mahallesi&#8217;ndeki bir cep telefonu bayisinde y\u00fczlerinde kar maskesi bulunan iki \u015f\u00fcpheli motosikletle Emrah Salt\u0131kalp&#8217;in (37) i\u015f yerine geldi.<\/p>\n<div class=\"my-8\"><\/div>\n<p>&nbsp;<\/p>\n<p>\u015e\u00fcphelilerden biri, tabanca ile Salt\u0131kalp&#8217;i ba\u015f\u0131ndan vurdu. Sald\u0131rganlar olay yerinden geldikleri motosiklet ile ka\u00e7arken Salt\u0131kalp ise kald\u0131r\u0131ld\u0131\u011f\u0131 hastanede hayat\u0131n\u0131 kaybetti.<\/p>\n<p>&nbsp;<\/p>\n<p><strong>500 SAATL\u0130K G\u00d6R\u00dcNT\u00dc \u0130NCELEND\u0130<\/strong><\/p>\n<p>&nbsp;<\/p>\n<p>Adana Emniyet M\u00fcd\u00fcrl\u00fc\u011f\u00fc Asayi\u015f \u015eube M\u00fcd\u00fcrl\u00fc\u011f\u00fc&#8217;ne ba\u011fl\u0131 Cinayet B\u00fcro Amirli\u011fi ekipleri, \u015f\u00fcphelileri yakalamak i\u00e7in geni\u015f \u00e7apl\u0131 \u00e7al\u0131\u015fma ba\u015flatt\u0131. Yakla\u015f\u0131k 10 kilometrelik alanda 500 saatlik g\u00fcvenlik kameras\u0131 g\u00f6r\u00fcnt\u00fcs\u00fcn\u00fc inceleyen ekipler, silah\u0131 kullanan ki\u015finin E.Y. (17), motosikleti s\u00fcrenin ise L\u00fcbnan uyruklu O.A. (16) oldu\u011funu belirledi.<\/p>\n<p>&nbsp;<\/p>\n<p>Yap\u0131lan ara\u015ft\u0131rmalarda, cinayetin ard\u0131ndan E.Y. ve O.A.&#8217;n\u0131n Seyhan il\u00e7esine ba\u011fl\u0131 M\u0131d\u0131k Mahallesi&#8217;ne giderek M.M.A. (17), M.G. (18) ve H.\u00d6. (14) ile bulu\u015ftuklar\u0131 ortaya \u00e7\u0131kt\u0131.<\/p>\n<p>&nbsp;<\/p>\n<p><strong>MOTOS\u0130KLET YAKILMI\u015e<\/strong><\/p>\n<p>&nbsp;<\/p>\n<p>\u015e\u00fcphelilerin, olayda kulland\u0131klar\u0131 motosikleti bu ki\u015filere teslim etti\u011fi, motosikletin ise daha sonra yak\u0131ld\u0131\u011f\u0131 belirlendi.<\/p>\n<\/div>\n<p><img decoding=\"async\" src=\"https:\/\/images.ntv.com.tr\/images\/AW692881_02-189425.jpg?width=880&amp;format=webp\" \/><\/p>\n<\/div>\n<div class=\"w-full flex flex-col my-2.5\">\n<div class=\"text-size-18 text-black ck ck-content break-words leading-normal\">\n<p>\u015e\u00fcphelilerin adreslerinde yap\u0131lan aramalarda iki kar maskesi ve d\u00f6rt ruhsats\u0131z tabanca ele ge\u00e7irildi.<\/p>\n<p>&nbsp;<\/p>\n<p>Cinayetin tetik\u00e7isi oldu\u011fu \u00f6ne s\u00fcr\u00fclen E.Y.&#8217;nin emniyetteki ifadesinde, &#8220;Olayda ben yokum, cinayetle uzaktan yak\u0131ndan alakam yok&#8221; dedi\u011fi ileri s\u00fcr\u00fcld\u00fc.<\/p>\n<p>&nbsp;<\/p>\n<p>Emniyetteki i\u015flemlerinin ard\u0131ndan adliyeye sevk edilen \u015f\u00fcphelilerden 4&#8217;\u00fc tutuklan\u0131rken, H.\u00d6. adli kontrol \u015fart\u0131yla serbest b\u0131rak\u0131ld\u0131.<\/p>\n<\/div>\n<\/div>\n<div class=\"w-full flex flex-col my-2.5\">\n<div class=\"relative w-full\">\n<div class=\"flex flex-col items-center justify-center bg-neutral-50 border border-line-gray gap-6 sm:gap-4 w-full h-72 sm:h-36 px-5 py-3 rounded-lg\"><\/div>\n<\/div>\n<\/div>\n","protected":false},"excerpt":{"rendered":"<p>Adana&#8217;da cep telefonu bayisinde ba\u015f\u0131ndan vurularak \u00f6ld\u00fcr\u00fclen Emrah Salt\u0131kalp cinayetinde 500 saatlik kamera kayd\u0131 incelenerek 5 \u015f\u00fcpheli yakaland\u0131. Adana&#8217;da cep telefonu bayisindeki\u00a0cinayet\u00a0500 saatlik kamera kayd\u0131n\u0131n izlenmesiyle g\u00fcn y\u00fcz\u00fcne \u00e7\u0131kt\u0131. &nbsp; Seyhan il\u00e7esine ba\u011fl\u0131 G\u00fclbah\u00e7esi Mahallesi&#8217;ndeki bir cep telefonu bayisinde y\u00fczlerinde kar maskesi bulunan iki \u015f\u00fcpheli motosikletle Emrah Salt\u0131kalp&#8217;in (37) i\u015f yerine geldi. &nbsp; \u015e\u00fcphelilerden biri, [&hellip;]<\/p>\n","protected":false},"author":1,"featured_media":3325,"comment_status":"closed","ping_status":"closed","sticky":false,"template":"","format":"standard","meta":{"footnotes":""},"categories":[7,39],"tags":[],"class_list":["post-3324","post","type-post","status-publish","format-standard","has-post-thumbnail","hentry","category-gundem","category-haber"],"_links":{"self":[{"href":"https:\/\/avukatimtv.com\/index.php\/wp-json\/wp\/v2\/posts\/3324","targetHints":{"allow":["GET"]}}],"collection":[{"href":"https:\/\/avukatimtv.com\/index.php\/wp-json\/wp\/v2\/posts"}],"about":[{"href":"https:\/\/avukatimtv.com\/index.php\/wp-json\/wp\/v2\/types\/post"}],"author":[{"embeddable":true,"href":"https:\/\/avukatimtv.com\/index.php\/wp-json\/wp\/v2\/users\/1"}],"replies":[{"embeddable":true,"href":"https:\/\/avukatimtv.com\/index.php\/wp-json\/wp\/v2\/comments?post=3324"}],"version-history":[{"count":1,"href":"https:\/\/avukatimtv.com\/index.php\/wp-json\/wp\/v2\/posts\/3324\/revisions"}],"predecessor-version":[{"id":3326,"href":"https:\/\/avukatimtv.com\/index.php\/wp-json\/wp\/v2\/posts\/3324\/revisions\/3326"}],"wp:featuredmedia":[{"embeddable":true,"href":"https:\/\/avukatimtv.com\/index.php\/wp-json\/wp\/v2\/media\/3325"}],"wp:attachment":[{"href":"https:\/\/avukatimtv.com\/index.php\/wp-json\/wp\/v2\/media?parent=3324"}],"wp:term":[{"taxonomy":"category","embeddable":true,"href":"https:\/\/avukatimtv.com\/index.php\/wp-json\/wp\/v2\/categories?post=3324"},{"taxonomy":"post_tag","embeddable":true,"href":"https:\/\/avukatimtv.com\/index.php\/wp-json\/wp\/v2\/tags?post=3324"}],"curies":[{"name":"wp","href":"https:\/\/api.w.org\/{rel}","templated":true}]}}